{"id":16790,"date":"2020-12-18T10:52:59","date_gmt":"2020-12-18T13:52:59","guid":{"rendered":"https:\/\/pinews.com.br\/?p=16790"},"modified":"2020-12-18T10:52:59","modified_gmt":"2020-12-18T13:52:59","slug":"segunda-parcela-do-13o-deve-ser-paga-nesta-sexta-feira-18","status":"publish","type":"post","link":"https:\/\/pinews.com.br\/index.php\/2020\/12\/18\/segunda-parcela-do-13o-deve-ser-paga-nesta-sexta-feira-18\/","title":{"rendered":"Segunda parcela do 13\u00ba deve ser paga nesta sexta-feira (18)"},"content":{"rendered":"\n<p>Os patr\u00f5es t\u00eam at\u00e9 esta sexta-feira (18) para depositar a segunda parcela do 13\u00ba sal\u00e1rio a cerca de 80 milh\u00f5es de brasileiros que trabalharam com carteira assinada ao longo de 2020.<\/p>\n\n\n\n<p>Nesta etapa de pagamentos, os profissionais recebem um valor menor em rela\u00e7\u00e3o ao pago em novembro. Isso acontece porque a segunda parcela da gratifica\u00e7\u00e3o natalina conta com os descontos previdenci\u00e1rio e do imposto de renda.<\/p>\n\n\n\n<p>De acordo com o Dieese (Departamento Intersindical de Estat\u00edstica e Estudos Socioecon\u00f4micos), o pagamento da remunera\u00e7\u00e3o adicional pode injetar R$ 215 bilh\u00f5es na economia brasileira. O valor m\u00e9dio a ser recebido \u00e9 de R$ 2.458. Entre os beneficiados com a remunera\u00e7\u00e3o adicional, 48 milh\u00f5es (60%) pertencem ao mercado formal.<\/p>\n\n\n\n<p>Institu\u00eddo pela Lei 4.749, de 1965, o 13\u00ba sal\u00e1rio beneficia todos profissionais que atuam com carteira assinada, incluindo funcion\u00e1rios dom\u00e9sticos, urbanos e rurais.<\/p>\n\n\n\n<p>O valor da remunera\u00e7\u00e3o extra corresponde ao sal\u00e1rio recebido pelo empregado multiplicado pelo n\u00famero de meses trabalhados ao longo do ano. Se houver mudan\u00e7a de remunera\u00e7\u00e3o ao longo de 2020, o c\u00e1lculo deve ser feito com base no sal\u00e1rio de dezembro.<\/p>\n\n\n\n<p>Aposentados e pensionistas do INSS (Instituto Nacional do Seguro Social) j\u00e1 tiveram as duas parcelas da remunera\u00e7\u00e3o extra antecipada entre os meses de maio e abril. A medida foi tomada pelo governo federal para enfrentar a crise causada pela pandemia do novo coronav\u00edrus.<\/p>\n\n\n\n<p><strong>Jornada reduzida<\/strong><\/p>\n\n\n\n<p>Os trabalhadores que tiveram redu\u00e7\u00e3o na jornada de trabalho e no sal\u00e1rio por causa da pandemia devem receber o 13\u00ba sal\u00e1rio com base no sal\u00e1rio integral, conforme determina\u00e7\u00e3o do Minist\u00e9rio da Economia.<\/p>\n\n\n\n<p>Conforme a determina\u00e7\u00e3o, um funcion\u00e1rio que recebe R$ 2.000 e teve o contrato suspenso por seis meses receberia R$ 1.000. J\u00e1 quem ficar com o contrato suspenso por oito meses, deve receber R$ 664.<\/p>\n\n\n\n<p>J\u00e1 para aqueles que tiveram contrato suspenso, os per\u00edodos de suspens\u00e3o n\u00e3o devem ser computados como tempo de servi\u00e7o e para c\u00e1lculo de 13\u00ba sal\u00e1rio e das f\u00e9rias. A exce\u00e7\u00e3o vale para os casos em que os empregados prestaram servi\u00e7o por mais de 15 dias no m\u00eas.<\/p>\n\n\n\n<p>Os patr\u00f5es que n\u00e3o cumpriram com a obriga\u00e7\u00e3o prevista em lei est\u00e3o sujeitos ao pagamento de uma multa no valor de R$ 170,16 por funcion\u00e1rio contratado.<\/p>\n\n\n\n<p><strong>Fonte: R7<\/strong><\/p>\n","protected":false},"excerpt":{"rendered":"<p>Os patr\u00f5es t\u00eam at\u00e9 esta sexta-feira (18) para depositar a segunda parcela do 13\u00ba sal\u00e1rio a cerca de 80 milh\u00f5es de brasileiros que trabalharam com carteira assinada ao longo de 2020. Nesta etapa de pagamentos, os profissionais recebem um valor menor em rela\u00e7\u00e3o ao pago em novembro. Isso acontece porque a segunda parcela da gratifica\u00e7\u00e3o [&hellip;]<\/p>\n","protected":false},"author":1,"featured_media":15172,"comment_status":"open","ping_status":"open","sticky":false,"template":"","format":"standard","meta":{"beyondwords_generate_audio":"","beyondwords_project_id":"","beyondwords_podcast_id":"","beyondwords_hash":"","beyondwords_error_message":"","beyondwords_disabled":"","publish_post_to_speechkit":"","speechkit_generate_audio":"","speechkit_project_id":"","speechkit_podcast_id":"","speechkit_hash":"","speechkit_error_message":"","speechkit_disabled":"","speechkit_access_key":"","speechkit_error":"","speechkit_info":"","speechkit_response":"","speechkit_retries":"","_speechkit_link":"","_speechkit_text":""},"categories":[516,134],"tags":[6791,981,514,5815,1692,2698,5589,139,5816],"jetpack_featured_media_url":"","_links":{"self":[{"href":"https:\/\/pinews.com.br\/index.php\/wp-json\/wp\/v2\/posts\/16790"}],"collection":[{"href":"https:\/\/pinews.com.br\/index.php\/wp-json\/wp\/v2\/posts"}],"about":[{"href":"https:\/\/pinews.com.br\/index.php\/wp-json\/wp\/v2\/types\/post"}],"author":[{"embeddable":true,"href":"https:\/\/pinews.com.br\/index.php\/wp-json\/wp\/v2\/users\/1"}],"replies":[{"embeddable":true,"href":"https:\/\/pinews.com.br\/index.php\/wp-json\/wp\/v2\/comments?post=16790"}],"version-history":[{"count":0,"href":"https:\/\/pinews.com.br\/index.php\/wp-json\/wp\/v2\/posts\/16790\/revisions"}],"wp:featuredmedia":[{"embeddable":true,"href":"https:\/\/pinews.com.br\/index.php\/wp-json\/"}],"wp:attachment":[{"href":"https:\/\/pinews.com.br\/index.php\/wp-json\/wp\/v2\/media?parent=16790"}],"wp:term":[{"taxonomy":"category","embeddable":true,"href":"https:\/\/pinews.com.br\/index.php\/wp-json\/wp\/v2\/categories?post=16790"},{"taxonomy":"post_tag","embeddable":true,"href":"https:\/\/pinews.com.br\/index.php\/wp-json\/wp\/v2\/tags?post=16790"}],"curies":[{"name":"wp","href":"https:\/\/api.w.org\/{rel}","templated":true}]}}