{"id":16792,"date":"2020-12-18T10:59:26","date_gmt":"2020-12-18T13:59:26","guid":{"rendered":"https:\/\/pinews.com.br\/?p=16792"},"modified":"2020-12-18T10:59:26","modified_gmt":"2020-12-18T13:59:26","slug":"azul-retoma-voos-para-parnaiba-com-ligacao-para-teresina-e-campinassp","status":"publish","type":"post","link":"https:\/\/pinews.com.br\/index.php\/2020\/12\/18\/azul-retoma-voos-para-parnaiba-com-ligacao-para-teresina-e-campinassp\/","title":{"rendered":"Azul retoma voos para Parna\u00edba com liga\u00e7\u00e3o para Teresina e Campinas(SP)"},"content":{"rendered":"\n<p>Os voos comerciais para Parna\u00edba com liga\u00e7\u00e3o entre Teresina e Campinas(SP) devem retornar a partir do pr\u00f3ximo domingo(20). A informa\u00e7\u00e3o \u00e9 da empresa Azul que havia suspendido estes trechos no in\u00edcio do ano.&nbsp;<\/p>\n\n\n\n<p>De acordo com a empresa a\u00e9rea, as passagens para os voos, que seguir\u00e3o os protocolos sanit\u00e1rios adotados pela empresa desde o in\u00edcio da pandemia, j\u00e1 est\u00e3o dispon\u00edveis para compra em todos os canais oficiais da Azul. <br> <br>O retorno dos voos com ser\u00e3o feitos por uma aeronave da Embraer com 118 lugares visa atender clientes que desejam passar as datas comemorativas do ano, na regi\u00e3o. <\/p>\n\n\n\n<p>\u201cVivemos um per\u00edodo de retomada gradual e respons\u00e1vel do turismo em todas as partes do pa\u00eds. Respeitando as regras ouro deste momento, as pessoas j\u00e1 podem aproveitar o ver\u00e3o para curtir com suas fam\u00edlias, amigos e parentes. Os nossos Clientes poder\u00e3o contar com a Azul ao longo de toda a temporada para viajar com todas as medidas de higiene e seguran\u00e7a que adotamos desde o in\u00edcio da pandemia\u201d, ressalta Abhi Shah, vice-presidente de Receitas da Azul.&nbsp;<\/p>\n\n\n\n<p>Os voos devem permanecer durante a alta temporada, para facilitar o acesso \u00e0 cidades tur\u00edsticas. <br><br><em><strong>Azul retoma voos seguindo regras sanit\u00e1rias r\u00edgidas <\/strong><\/em><br> <br>Visando o bem-estar de clientes e tripulantes, a empresa adotou uma s\u00e9rie de medidas de higiene: uso obrigat\u00f3rio de m\u00e1scaras, check-in pelo aplicativo, despacho de bagagem com uso de bancadas digitais de auto atendimento e no embarque o uso do tapete Azul que reduz o tempo em 25% e garante o distanciamento social. <\/p>\n\n\n\n<p>O servi\u00e7o de bordo passou a ser realizado ao final do voo, garantindo o uso da m\u00e1scara durante toda a viagem, e o desembarque agora \u00e9 realizado por fileiras, evitando as costumeiras aglomera\u00e7\u00f5es no corredor no momento de sa\u00edda da aeronave.&nbsp;&nbsp;<\/p>\n\n\n\n<p> <strong>Confira os hor\u00e1rios previstos para Parna\u00edba: <\/strong><\/p>\n\n\n\n<figure class=\"wp-block-image size-large\"><img decoding=\"async\" src=\"https:\/\/pinews.com.br\/wp-content\/uploads\/2020\/12\/IMG_20201218_105639-1024x572.jpg\" alt=\"\" class=\"wp-image-16793\"\/><\/figure>\n\n\n\n<p><strong>Fonte: Caroline Oliveira\/ Cidade Verde\/ <br>Com informa\u00e7\u00f5es da Azul<\/strong><\/p>\n","protected":false},"excerpt":{"rendered":"<p>Os voos comerciais para Parna\u00edba com liga\u00e7\u00e3o entre Teresina e Campinas(SP) devem retornar a partir do pr\u00f3ximo domingo(20). A informa\u00e7\u00e3o \u00e9 da empresa Azul que havia suspendido estes trechos no in\u00edcio do ano.&nbsp; De acordo com a empresa a\u00e9rea, as passagens para os voos, que seguir\u00e3o os protocolos sanit\u00e1rios adotados pela empresa desde o in\u00edcio [&hellip;]<\/p>\n","protected":false},"author":1,"featured_media":16794,"comment_status":"open","ping_status":"open","sticky":false,"template":"","format":"standard","meta":{"beyondwords_generate_audio":"","beyondwords_project_id":"","beyondwords_podcast_id":"","beyondwords_hash":"","beyondwords_error_message":"","beyondwords_disabled":"","publish_post_to_speechkit":"","speechkit_generate_audio":"","speechkit_project_id":"","speechkit_podcast_id":"","speechkit_hash":"","speechkit_error_message":"","speechkit_disabled":"","speechkit_access_key":"","speechkit_error":"","speechkit_info":"","speechkit_response":"","speechkit_retries":"","_speechkit_link":"","_speechkit_text":""},"categories":[134,51,81],"tags":[2293,7010,1607,350,1367,6005,187,7011],"jetpack_featured_media_url":"","_links":{"self":[{"href":"https:\/\/pinews.com.br\/index.php\/wp-json\/wp\/v2\/posts\/16792"}],"collection":[{"href":"https:\/\/pinews.com.br\/index.php\/wp-json\/wp\/v2\/posts"}],"about":[{"href":"https:\/\/pinews.com.br\/index.php\/wp-json\/wp\/v2\/types\/post"}],"author":[{"embeddable":true,"href":"https:\/\/pinews.com.br\/index.php\/wp-json\/wp\/v2\/users\/1"}],"replies":[{"embeddable":true,"href":"https:\/\/pinews.com.br\/index.php\/wp-json\/wp\/v2\/comments?post=16792"}],"version-history":[{"count":0,"href":"https:\/\/pinews.com.br\/index.php\/wp-json\/wp\/v2\/posts\/16792\/revisions"}],"wp:featuredmedia":[{"embeddable":true,"href":"https:\/\/pinews.com.br\/index.php\/wp-json\/"}],"wp:attachment":[{"href":"https:\/\/pinews.com.br\/index.php\/wp-json\/wp\/v2\/media?parent=16792"}],"wp:term":[{"taxonomy":"category","embeddable":true,"href":"https:\/\/pinews.com.br\/index.php\/wp-json\/wp\/v2\/categories?post=16792"},{"taxonomy":"post_tag","embeddable":true,"href":"https:\/\/pinews.com.br\/index.php\/wp-json\/wp\/v2\/tags?post=16792"}],"curies":[{"name":"wp","href":"https:\/\/api.w.org\/{rel}","templated":true}]}}