{"id":16851,"date":"2020-12-20T18:41:36","date_gmt":"2020-12-20T21:41:36","guid":{"rendered":"https:\/\/pinews.com.br\/?p=16851"},"modified":"2020-12-20T18:41:36","modified_gmt":"2020-12-20T21:41:36","slug":"suspeito-de-violencia-domestica-e-detido-usando-capa-de-colete-da-guarda-municipal-de-teresina","status":"publish","type":"post","link":"https:\/\/pinews.com.br\/index.php\/2020\/12\/20\/suspeito-de-violencia-domestica-e-detido-usando-capa-de-colete-da-guarda-municipal-de-teresina\/","title":{"rendered":"Suspeito de viol\u00eancia dom\u00e9stica \u00e9 detido usando capa de colete da guarda municipal de Teresina"},"content":{"rendered":"\n<p>Um jovem, de 19 anos, foi detido usando uma capa de um colete bal\u00edstico da Guarda Civil Municipal (GCM) de Teresina, no s\u00e1bado (19), no bairro Santa Maria da Codipi, Zona Norte de Teresina. De acordo com a Pol\u00edcia Militar do Piau\u00ed (PM-PI), o rapaz \u00e9 suspeito de viol\u00eancia dom\u00e9stica.<\/p>\n\n\n\n<p>Segundo o Batalh\u00e3o de Policia Ambiental (BPA), que atendeu a ocorr\u00eancia, os policiais foram acionados por vizinhos que teriam ouvido o jovem agredir uma adolescente de 16 anos com quem ele vive.<\/p>\n\n\n\n<p>Durante a ocorr\u00eancia os policiais notaram que o suspeito vestia uma capa de colete da GCM de Teresina e apreenderam a vestimenta. \u00c0 pol\u00edcia, o jovem afirmou que tinha encontrado o objeto na rua e n\u00e3o informou porque estava vestindo.<\/p>\n\n\n\n<p>O suspeito foi conduzido para a Central de Flagrantes para os procedimentos cab\u00edveis. No local, a adolescente negou que estivesse sendo agredida, mas a Pol\u00edcia Civil acionou a assist\u00eancia social para que a menor fosse encaminhada para um abrigo.<\/p>\n\n\n\n<p>O jovem foi liberado ap\u00f3s assinar um Termo Circunstanciado de Ocorr\u00eancia (TCO), para apresentar-se a um juiz e prestar esclarecimentos sobre o ocorrido.<\/p>\n\n\n\n<p><strong>Fonte: G1 PI<\/strong><\/p>\n","protected":false},"excerpt":{"rendered":"<p>Um jovem, de 19 anos, foi detido usando uma capa de um colete bal\u00edstico da Guarda Civil Municipal (GCM) de Teresina, no s\u00e1bado (19), no bairro Santa Maria da Codipi, Zona Norte de Teresina. De acordo com a Pol\u00edcia Militar do Piau\u00ed (PM-PI), o rapaz \u00e9 suspeito de viol\u00eancia dom\u00e9stica. Segundo o Batalh\u00e3o de Policia [&hellip;]<\/p>\n","protected":false},"author":1,"featured_media":16852,"comment_status":"open","ping_status":"open","sticky":false,"template":"","format":"standard","meta":{"beyondwords_generate_audio":"","beyondwords_project_id":"","beyondwords_podcast_id":"","beyondwords_hash":"","beyondwords_error_message":"","beyondwords_disabled":"","publish_post_to_speechkit":"","speechkit_generate_audio":"","speechkit_project_id":"","speechkit_podcast_id":"","speechkit_hash":"","speechkit_error_message":"","speechkit_disabled":"","speechkit_access_key":"","speechkit_error":"","speechkit_info":"","speechkit_response":"","speechkit_retries":"","_speechkit_link":"","_speechkit_text":""},"categories":[51,78,81],"tags":[7027,7028,122,44,736,2933,72,7000,3374,130,187,316,439],"jetpack_featured_media_url":"","_links":{"self":[{"href":"https:\/\/pinews.com.br\/index.php\/wp-json\/wp\/v2\/posts\/16851"}],"collection":[{"href":"https:\/\/pinews.com.br\/index.php\/wp-json\/wp\/v2\/posts"}],"about":[{"href":"https:\/\/pinews.com.br\/index.php\/wp-json\/wp\/v2\/types\/post"}],"author":[{"embeddable":true,"href":"https:\/\/pinews.com.br\/index.php\/wp-json\/wp\/v2\/users\/1"}],"replies":[{"embeddable":true,"href":"https:\/\/pinews.com.br\/index.php\/wp-json\/wp\/v2\/comments?post=16851"}],"version-history":[{"count":0,"href":"https:\/\/pinews.com.br\/index.php\/wp-json\/wp\/v2\/posts\/16851\/revisions"}],"wp:featuredmedia":[{"embeddable":true,"href":"https:\/\/pinews.com.br\/index.php\/wp-json\/"}],"wp:attachment":[{"href":"https:\/\/pinews.com.br\/index.php\/wp-json\/wp\/v2\/media?parent=16851"}],"wp:term":[{"taxonomy":"category","embeddable":true,"href":"https:\/\/pinews.com.br\/index.php\/wp-json\/wp\/v2\/categories?post=16851"},{"taxonomy":"post_tag","embeddable":true,"href":"https:\/\/pinews.com.br\/index.php\/wp-json\/wp\/v2\/tags?post=16851"}],"curies":[{"name":"wp","href":"https:\/\/api.w.org\/{rel}","templated":true}]}}