{"id":16946,"date":"2020-12-23T11:35:46","date_gmt":"2020-12-23T14:35:46","guid":{"rendered":"https:\/\/pinews.com.br\/?p=16946"},"modified":"2020-12-23T11:35:46","modified_gmt":"2020-12-23T14:35:46","slug":"professora-de-paulistana-morre-durante-tratamento-de-sequelas-de-covid-19","status":"publish","type":"post","link":"https:\/\/pinews.com.br\/index.php\/2020\/12\/23\/professora-de-paulistana-morre-durante-tratamento-de-sequelas-de-covid-19\/","title":{"rendered":"Professora de Paulistana morre durante tratamento de sequelas de Covid-19"},"content":{"rendered":"\n<p>A professora Luzinete Neri Barros, de 56 anos, morreu nessa ter\u00e7a-feira (22\/12) por complica\u00e7\u00f5es de Covid-19 no Hospital Rio Poty, em Teresina.<\/p>\n\n\n\n<p>Natural de Paulistana, Luzinete&nbsp;estava internada desde&nbsp;(25\/11) ap\u00f3s contrair a Covid-19. Mesmo ap\u00f3s ter se curado da doen\u00e7a, ela continuou no hospital&nbsp;tratando das sequelas, mas n\u00e3o&nbsp;resistiu&nbsp;e morreu ap\u00f3s&nbsp;de 27 dias na Unidade de Terapia Intensiva (UTI).<\/p>\n\n\n\n<p>A professora foi presidente do Sindicato dos Servidores P\u00fablicos Municipais de Paulistana e candidata a vereadora por duas oportunidades.<\/p>\n\n\n\n<p>Um documento expedido pelo hospital e entregue aos familiares informou que devido ela ser paciente curada da Covid-19 o vel\u00f3rio pode ser realizado. A cerim\u00f4nia ocorreu na noite dessa ter\u00e7a-feira (22\/12) na Igreja Betesda e o sepultamento ser\u00e1 na manh\u00e3 desta quarta-feira, no cemit\u00e9rio Padre Jo\u00e3o Pedro, no Bairro Correnteza.<\/p>\n\n\n\n<p><strong>Fonte: FN Not\u00edcias<\/strong><\/p>\n","protected":false},"excerpt":{"rendered":"<p>A professora Luzinete Neri Barros, de 56 anos, morreu nessa ter\u00e7a-feira (22\/12) por complica\u00e7\u00f5es de Covid-19 no Hospital Rio Poty, em Teresina. Natural de Paulistana, Luzinete&nbsp;estava internada desde&nbsp;(25\/11) ap\u00f3s contrair a Covid-19. Mesmo ap\u00f3s ter se curado da doen\u00e7a, ela continuou no hospital&nbsp;tratando das sequelas, mas n\u00e3o&nbsp;resistiu&nbsp;e morreu ap\u00f3s&nbsp;de 27 dias na Unidade de Terapia [&hellip;]<\/p>\n","protected":false},"author":1,"featured_media":16947,"comment_status":"open","ping_status":"open","sticky":false,"template":"","format":"standard","meta":{"beyondwords_generate_audio":"","beyondwords_project_id":"","beyondwords_podcast_id":"","beyondwords_hash":"","beyondwords_error_message":"","beyondwords_disabled":"","publish_post_to_speechkit":"","speechkit_generate_audio":"","speechkit_project_id":"","speechkit_podcast_id":"","speechkit_hash":"","speechkit_error_message":"","speechkit_disabled":"","speechkit_access_key":"","speechkit_error":"","speechkit_info":"","speechkit_response":"","speechkit_retries":"","_speechkit_link":"","_speechkit_text":""},"categories":[51],"tags":[5307,44,45,119,276,1905,7055,1068],"jetpack_featured_media_url":"","_links":{"self":[{"href":"https:\/\/pinews.com.br\/index.php\/wp-json\/wp\/v2\/posts\/16946"}],"collection":[{"href":"https:\/\/pinews.com.br\/index.php\/wp-json\/wp\/v2\/posts"}],"about":[{"href":"https:\/\/pinews.com.br\/index.php\/wp-json\/wp\/v2\/types\/post"}],"author":[{"embeddable":true,"href":"https:\/\/pinews.com.br\/index.php\/wp-json\/wp\/v2\/users\/1"}],"replies":[{"embeddable":true,"href":"https:\/\/pinews.com.br\/index.php\/wp-json\/wp\/v2\/comments?post=16946"}],"version-history":[{"count":0,"href":"https:\/\/pinews.com.br\/index.php\/wp-json\/wp\/v2\/posts\/16946\/revisions"}],"wp:featuredmedia":[{"embeddable":true,"href":"https:\/\/pinews.com.br\/index.php\/wp-json\/"}],"wp:attachment":[{"href":"https:\/\/pinews.com.br\/index.php\/wp-json\/wp\/v2\/media?parent=16946"}],"wp:term":[{"taxonomy":"category","embeddable":true,"href":"https:\/\/pinews.com.br\/index.php\/wp-json\/wp\/v2\/categories?post=16946"},{"taxonomy":"post_tag","embeddable":true,"href":"https:\/\/pinews.com.br\/index.php\/wp-json\/wp\/v2\/tags?post=16946"}],"curies":[{"name":"wp","href":"https:\/\/api.w.org\/{rel}","templated":true}]}}