{"id":16987,"date":"2020-12-24T18:59:02","date_gmt":"2020-12-24T21:59:02","guid":{"rendered":"https:\/\/pinews.com.br\/?p=16987"},"modified":"2020-12-24T18:59:02","modified_gmt":"2020-12-24T21:59:02","slug":"inep-disponibilizara-cartao-de-confirmacao-do-enem-em-5-de-janeiro","status":"publish","type":"post","link":"https:\/\/pinews.com.br\/index.php\/2020\/12\/24\/inep-disponibilizara-cartao-de-confirmacao-do-enem-em-5-de-janeiro\/","title":{"rendered":"Inep disponibilizar\u00e1 cart\u00e3o de confirma\u00e7\u00e3o do Enem em 5 de janeiro"},"content":{"rendered":"\n<p>O Instituto Nacional de Estudos e Pesquisas Educacionais An\u00edsio Teixeira (Inep) disponibilizar\u00e1&nbsp;a partir do dia 5 de janeiro de 2021&nbsp;o Cart\u00e3o de Confirma\u00e7\u00e3o de Inscri\u00e7\u00e3o para o Exame Nacional do Ensino M\u00e9dio (Enem) 2020.<img decoding=\"async\" src=\"https:\/\/agenciabrasil.ebc.com.br\/ebc.png?id=1397274&amp;o=node\"><img decoding=\"async\" src=\"https:\/\/agenciabrasil.ebc.com.br\/ebc.gif?id=1397274&amp;o=node\"><\/p>\n\n\n\n<p>O cart\u00e3o cont\u00e9m n\u00famero de inscri\u00e7\u00e3o, data, hora e local do exame. O documento poder\u00e1 ser acessado na&nbsp;<a href=\"https:\/\/enem.inep.gov.br\/participante\/#!\/\" target=\"_blank\" rel=\"noreferrer noopener\">P\u00e1gina do Participante<\/a>.<\/p>\n\n\n\n<p>O documento tamb\u00e9m registra se o participante deve contar com atendimento especializado, e se deve ser tratado pelo nome social, caso essas solicita\u00e7\u00f5es tenham sido feitas e aprovadas. Apesar de n\u00e3o ser obrigat\u00f3rio, o Inep recomenda que o participante leve o cart\u00e3o nos dias de aplica\u00e7\u00e3o das provas.<\/p>\n\n\n\n<h2>Pandemia<\/h2>\n\n\n\n<p>As provas do Enem 2020 foram adiadas em decorr\u00eancia da pandemia de covid-19 e ser\u00e3o realizadas nos dias 17 e 24 de janeiro de 2021 (vers\u00e3o impressa) e em 31 de janeiro e 7 de fevereiro de 2021 (vers\u00e3o digital). Ao todo, 5.783.357 inscri\u00e7\u00f5es foram confirmadas.<\/p>\n\n\n\n<p>Ser\u00e1 obrigat\u00f3rio o uso de m\u00e1scara durante toda a aplica\u00e7\u00e3o do exame. A recomenda\u00e7\u00e3o \u00e9 que os candidatos levem outra m\u00e1scara, para troc\u00e1-la durante o exame, seguindo as orienta\u00e7\u00f5es do Minist\u00e9rio da Sa\u00fade. Os participantes devem tamb\u00e9m manter dist\u00e2ncia uns dos outros.<\/p>\n\n\n\n<p>Por ocorrer em meio a pandemia, o exame ter\u00e1 outra particularidade. Os participantes que forem diagnosticados com covid-19 ou com outra doen\u00e7a infectocontagiosa, como sarampo, rub\u00e9ola, var\u00edola e influenza humana A e B, ter\u00e3o outra chance de fazer o exame, na <a rel=\"noreferrer noopener\" href=\"https:\/\/agenciabrasil.ebc.com.br\/educacao\/noticia\/2020-11\/candidatos-infectados-por-covid-19-terao-nova-chance-de-fazer-enem\" target=\"_blank\">reaplica\u00e7\u00e3o da prova<\/a>. O atestado m\u00e9dico poder\u00e1 ser enviado ao Inep pela p\u00e1gina do participante at\u00e9 um dia antes da aplica\u00e7\u00e3o. Caso a doen\u00e7a seja confirmada no dia do exame, o participante dever\u00e1 entrar em contato pelo telefone 0800616161.<\/p>\n\n\n\n<p><strong>Fonte: Ag\u00eancia Brasil<\/strong><\/p>\n","protected":false},"excerpt":{"rendered":"<p>O Instituto Nacional de Estudos e Pesquisas Educacionais An\u00edsio Teixeira (Inep) disponibilizar\u00e1&nbsp;a partir do dia 5 de janeiro de 2021&nbsp;o Cart\u00e3o de Confirma\u00e7\u00e3o de Inscri\u00e7\u00e3o para o Exame Nacional do Ensino M\u00e9dio (Enem) 2020. O cart\u00e3o cont\u00e9m n\u00famero de inscri\u00e7\u00e3o, data, hora e local do exame. O documento poder\u00e1 ser acessado na&nbsp;P\u00e1gina do Participante. O [&hellip;]<\/p>\n","protected":false},"author":1,"featured_media":13859,"comment_status":"open","ping_status":"open","sticky":false,"template":"","format":"standard","meta":{"beyondwords_generate_audio":"","beyondwords_project_id":"","beyondwords_podcast_id":"","beyondwords_hash":"","beyondwords_error_message":"","beyondwords_disabled":"","publish_post_to_speechkit":"","speechkit_generate_audio":"","speechkit_project_id":"","speechkit_podcast_id":"","speechkit_hash":"","speechkit_error_message":"","speechkit_disabled":"","speechkit_access_key":"","speechkit_error":"","speechkit_info":"","speechkit_response":"","speechkit_retries":"","_speechkit_link":"","_speechkit_text":""},"categories":[394,134],"tags":[942,7064,44,7065,46,395,2576,1787],"jetpack_featured_media_url":"","_links":{"self":[{"href":"https:\/\/pinews.com.br\/index.php\/wp-json\/wp\/v2\/posts\/16987"}],"collection":[{"href":"https:\/\/pinews.com.br\/index.php\/wp-json\/wp\/v2\/posts"}],"about":[{"href":"https:\/\/pinews.com.br\/index.php\/wp-json\/wp\/v2\/types\/post"}],"author":[{"embeddable":true,"href":"https:\/\/pinews.com.br\/index.php\/wp-json\/wp\/v2\/users\/1"}],"replies":[{"embeddable":true,"href":"https:\/\/pinews.com.br\/index.php\/wp-json\/wp\/v2\/comments?post=16987"}],"version-history":[{"count":0,"href":"https:\/\/pinews.com.br\/index.php\/wp-json\/wp\/v2\/posts\/16987\/revisions"}],"wp:featuredmedia":[{"embeddable":true,"href":"https:\/\/pinews.com.br\/index.php\/wp-json\/"}],"wp:attachment":[{"href":"https:\/\/pinews.com.br\/index.php\/wp-json\/wp\/v2\/media?parent=16987"}],"wp:term":[{"taxonomy":"category","embeddable":true,"href":"https:\/\/pinews.com.br\/index.php\/wp-json\/wp\/v2\/categories?post=16987"},{"taxonomy":"post_tag","embeddable":true,"href":"https:\/\/pinews.com.br\/index.php\/wp-json\/wp\/v2\/tags?post=16987"}],"curies":[{"name":"wp","href":"https:\/\/api.w.org\/{rel}","templated":true}]}}