{"id":17221,"date":"2021-01-02T18:55:26","date_gmt":"2021-01-02T21:55:26","guid":{"rendered":"https:\/\/pinews.com.br\/?p=17221"},"modified":"2021-01-02T18:55:26","modified_gmt":"2021-01-02T21:55:26","slug":"dunas-avancam-e-deixam-trafego-lento-na-pi-116-no-litoral-do-piaui","status":"publish","type":"post","link":"https:\/\/pinews.com.br\/index.php\/2021\/01\/02\/dunas-avancam-e-deixam-trafego-lento-na-pi-116-no-litoral-do-piaui\/","title":{"rendered":"Dunas avan\u00e7am e deixam tr\u00e1fego lento na PI-116 no litoral do Piau\u00ed"},"content":{"rendered":"\n<p>Dunas de areia invadiram na manh\u00e3 deste s\u00e1bado (2) um trecho da PI-116, rodovia que d\u00e1 acesso ao munic\u00edpio de Cajueiro da Praia, no litoral do Piau\u00ed. A Pol\u00edcia Militar esteve no local para controlar o tr\u00e1fego de ve\u00edculos.<\/p>\n\n\n\n<p>&#8220;Tivemos um problema ali nesse trecho da PI-116 em virtude de que as dunas avan\u00e7aram na pista e, momentaneamente, o fluxo de ve\u00edculos foi interditado naquele local&#8221;, informou o tenente-coronel Erisvaldo.<\/p>\n\n\n\n<p>Segundo ele, os turistas foram orientados a ter paci\u00eancia em virtude da situa\u00e7\u00e3o. O pr\u00f3prio Comando de Policiamento do Litoral providenciou um trator para retirar parte da areia.<\/p>\n\n\n\n<p>&#8220;A PM se antecipou juntamente com o BPRE e orientou os condutores de ve\u00edculos que tivessem paci\u00eancia, haja vista que a incid\u00eancia de areia e ventos no local estava muito grande&#8221;, disse ao Cidadeverde.com.<\/p>\n\n\n\n<p>O fluxo de ve\u00edculo ainda era lento na tarde deste s\u00e1bado. &#8220;O fluxo est\u00e1 sendo controlado, est\u00e1 ainda lento, pois j\u00e1 tomou toda uma pista e haveria necessidade de mais dias para deixar o tr\u00e2nsito fluir normalmente naquele local&#8221;, declarou.<\/p>\n\n\n\n<p><strong>Fonte: H\u00e9rlon Moraes\/ Cidade Verde<\/strong><\/p>\n","protected":false},"excerpt":{"rendered":"<p>Dunas de areia invadiram na manh\u00e3 deste s\u00e1bado (2) um trecho da PI-116, rodovia que d\u00e1 acesso ao munic\u00edpio de Cajueiro da Praia, no litoral do Piau\u00ed. A Pol\u00edcia Militar esteve no local para controlar o tr\u00e1fego de ve\u00edculos. &#8220;Tivemos um problema ali nesse trecho da PI-116 em virtude de que as dunas avan\u00e7aram na [&hellip;]<\/p>\n","protected":false},"author":1,"featured_media":17222,"comment_status":"open","ping_status":"open","sticky":false,"template":"","format":"standard","meta":{"beyondwords_generate_audio":"","beyondwords_project_id":"","beyondwords_podcast_id":"","beyondwords_hash":"","beyondwords_error_message":"","beyondwords_disabled":"","publish_post_to_speechkit":"","speechkit_generate_audio":"","speechkit_project_id":"","speechkit_podcast_id":"","speechkit_hash":"","speechkit_error_message":"","speechkit_disabled":"","speechkit_access_key":"","speechkit_error":"","speechkit_info":"","speechkit_response":"","speechkit_retries":"","_speechkit_link":"","_speechkit_text":""},"categories":[51],"tags":[7116,5909,7117,7118,202,91,7119,52,6044],"jetpack_featured_media_url":"","_links":{"self":[{"href":"https:\/\/pinews.com.br\/index.php\/wp-json\/wp\/v2\/posts\/17221"}],"collection":[{"href":"https:\/\/pinews.com.br\/index.php\/wp-json\/wp\/v2\/posts"}],"about":[{"href":"https:\/\/pinews.com.br\/index.php\/wp-json\/wp\/v2\/types\/post"}],"author":[{"embeddable":true,"href":"https:\/\/pinews.com.br\/index.php\/wp-json\/wp\/v2\/users\/1"}],"replies":[{"embeddable":true,"href":"https:\/\/pinews.com.br\/index.php\/wp-json\/wp\/v2\/comments?post=17221"}],"version-history":[{"count":0,"href":"https:\/\/pinews.com.br\/index.php\/wp-json\/wp\/v2\/posts\/17221\/revisions"}],"wp:featuredmedia":[{"embeddable":true,"href":"https:\/\/pinews.com.br\/index.php\/wp-json\/"}],"wp:attachment":[{"href":"https:\/\/pinews.com.br\/index.php\/wp-json\/wp\/v2\/media?parent=17221"}],"wp:term":[{"taxonomy":"category","embeddable":true,"href":"https:\/\/pinews.com.br\/index.php\/wp-json\/wp\/v2\/categories?post=17221"},{"taxonomy":"post_tag","embeddable":true,"href":"https:\/\/pinews.com.br\/index.php\/wp-json\/wp\/v2\/tags?post=17221"}],"curies":[{"name":"wp","href":"https:\/\/api.w.org\/{rel}","templated":true}]}}