{"id":17235,"date":"2021-01-03T11:32:06","date_gmt":"2021-01-03T14:32:06","guid":{"rendered":"https:\/\/pinews.com.br\/?p=17235"},"modified":"2021-01-03T11:32:06","modified_gmt":"2021-01-03T14:32:06","slug":"incendio-atinge-livraria-e-assusta-moradores-no-piaui","status":"publish","type":"post","link":"https:\/\/pinews.com.br\/index.php\/2021\/01\/03\/incendio-atinge-livraria-e-assusta-moradores-no-piaui\/","title":{"rendered":"Inc\u00eandio atinge livraria e assusta moradores no Piau\u00ed"},"content":{"rendered":"\n<p>Depois de cinco horas de inc\u00eandio, os bombeiros conseguiram controlar o fogo em uma livraria na Avenida Dom Severino,&nbsp; na zona leste de Teresina. De acordo com o sargento \u00c9rico do Corpo de Bombeiros, as chamas come\u00e7aram na madrugada desde domingo (03).<\/p>\n\n\n\n<p>A suspeita \u00e9 que o fogo tenha tido&nbsp; in\u00edcio&nbsp; ap\u00f3s um&nbsp; &nbsp;curto-circuito. Por\u00e9m, os bombeiros afirmam que&nbsp; s\u00f3 a per\u00edcia poder\u00e1 confirmar as causas do inc\u00eandio. De acordo com os bombeiros, o inc\u00eandio teria come\u00e7ado no dep\u00f3sito de livros.&nbsp;<\/p>\n\n\n\n<p>Devido \u00e0 presen\u00e7a de muito material inflam\u00e1vel no local, os bombeiros tiveram dificuldades de controlar as chamas. Neste momento, as equipes ainda est\u00e3o no espa\u00e7o fazendo a opera\u00e7\u00e3o de rescaldo.&nbsp;<\/p>\n\n\n\n<p>\u201cO fogo j\u00e1 foi controlado. Estamos fazendo a opera\u00e7\u00e3o de rescaldo. O objetivo \u00e9 evitar que focos remanescentes possam reascender o fogo.\u201d, explicou o sargento.&nbsp;<\/p>\n\n\n\n<p>As fortes chamas assustaram os moradores das casas pr\u00f3ximas ao local. Algumas pessoas chegaram a gravar v\u00eddeos pedindo ajuda aos bombeiros.&nbsp;<\/p>\n\n\n\n<p>Alguns minutos depois, os homens do Corpo de Bombeiros j\u00e1 estavam no local e iniciaram a opera\u00e7\u00e3o para conter as chamas. <\/p>\n\n\n\n<figure class=\"wp-block-embed-youtube wp-block-embed is-type-video is-provider-youtube wp-embed-aspect-16-9 wp-has-aspect-ratio\"><div class=\"wp-block-embed__wrapper\">\n<iframe loading=\"lazy\" title=\"WhatsApp Video 2021 01 03 at 08 39 22\" width=\"1170\" height=\"658\" src=\"https:\/\/www.youtube.com\/embed\/6SZvzl3ywV8?feature=oembed\" frameborder=\"0\" allow=\"accelerometer; autoplay; clipboard-write; encrypted-media; gyroscope; picture-in-picture; web-share\" allowfullscreen><\/iframe>\n<\/div><\/figure>\n\n\n\n<figure class=\"wp-block-embed-youtube wp-block-embed is-type-video is-provider-youtube wp-embed-aspect-16-9 wp-has-aspect-ratio\"><div class=\"wp-block-embed__wrapper\">\n<iframe loading=\"lazy\" title=\"WhatsApp Video 2021 01 03 at 09 33 26\" width=\"1170\" height=\"658\" src=\"https:\/\/www.youtube.com\/embed\/ZKAYIcFQYEU?feature=oembed\" frameborder=\"0\" allow=\"accelerometer; autoplay; clipboard-write; encrypted-media; gyroscope; picture-in-picture; web-share\" allowfullscreen><\/iframe>\n<\/div><\/figure>\n\n\n\n<p><strong>Fonte: L\u00eddia Brito\/ Cidade Verde<\/strong><\/p>\n","protected":false},"excerpt":{"rendered":"<p>Depois de cinco horas de inc\u00eandio, os bombeiros conseguiram controlar o fogo em uma livraria na Avenida Dom Severino,&nbsp; na zona leste de Teresina. De acordo com o sargento \u00c9rico do Corpo de Bombeiros, as chamas come\u00e7aram na madrugada desde domingo (03). A suspeita \u00e9 que o fogo tenha tido&nbsp; in\u00edcio&nbsp; ap\u00f3s um&nbsp; &nbsp;curto-circuito. Por\u00e9m, [&hellip;]<\/p>\n","protected":false},"author":1,"featured_media":17236,"comment_status":"open","ping_status":"open","sticky":false,"template":"","format":"standard","meta":{"beyondwords_generate_audio":"","beyondwords_project_id":"","beyondwords_podcast_id":"","beyondwords_hash":"","beyondwords_error_message":"","beyondwords_disabled":"","publish_post_to_speechkit":"","speechkit_generate_audio":"","speechkit_project_id":"","speechkit_podcast_id":"","speechkit_hash":"","speechkit_error_message":"","speechkit_disabled":"","speechkit_access_key":"","speechkit_error":"","speechkit_info":"","speechkit_response":"","speechkit_retries":"","_speechkit_link":"","_speechkit_text":""},"categories":[51,81],"tags":[6415,372,547,7121,2020,52],"jetpack_featured_media_url":"","_links":{"self":[{"href":"https:\/\/pinews.com.br\/index.php\/wp-json\/wp\/v2\/posts\/17235"}],"collection":[{"href":"https:\/\/pinews.com.br\/index.php\/wp-json\/wp\/v2\/posts"}],"about":[{"href":"https:\/\/pinews.com.br\/index.php\/wp-json\/wp\/v2\/types\/post"}],"author":[{"embeddable":true,"href":"https:\/\/pinews.com.br\/index.php\/wp-json\/wp\/v2\/users\/1"}],"replies":[{"embeddable":true,"href":"https:\/\/pinews.com.br\/index.php\/wp-json\/wp\/v2\/comments?post=17235"}],"version-history":[{"count":0,"href":"https:\/\/pinews.com.br\/index.php\/wp-json\/wp\/v2\/posts\/17235\/revisions"}],"wp:featuredmedia":[{"embeddable":true,"href":"https:\/\/pinews.com.br\/index.php\/wp-json\/"}],"wp:attachment":[{"href":"https:\/\/pinews.com.br\/index.php\/wp-json\/wp\/v2\/media?parent=17235"}],"wp:term":[{"taxonomy":"category","embeddable":true,"href":"https:\/\/pinews.com.br\/index.php\/wp-json\/wp\/v2\/categories?post=17235"},{"taxonomy":"post_tag","embeddable":true,"href":"https:\/\/pinews.com.br\/index.php\/wp-json\/wp\/v2\/tags?post=17235"}],"curies":[{"name":"wp","href":"https:\/\/api.w.org\/{rel}","templated":true}]}}