{"id":17245,"date":"2021-01-03T11:52:01","date_gmt":"2021-01-03T14:52:01","guid":{"rendered":"https:\/\/pinews.com.br\/?p=17245"},"modified":"2021-01-03T11:52:01","modified_gmt":"2021-01-03T14:52:01","slug":"homem-e-preso-no-piaui-por-receptacao-de-motocicleta-roubada-ha-sete-anos","status":"publish","type":"post","link":"https:\/\/pinews.com.br\/index.php\/2021\/01\/03\/homem-e-preso-no-piaui-por-receptacao-de-motocicleta-roubada-ha-sete-anos\/","title":{"rendered":"Homem \u00e9 preso no Piau\u00ed por recepta\u00e7\u00e3o de motocicleta roubada h\u00e1 sete anos"},"content":{"rendered":"\n<p>Policiais Rodovi\u00e1rios Federais prenderam&nbsp; neste s\u00e1bado (02) um homem de 75 anos acusado do crime de Recepta\u00e7\u00e3o. A a\u00e7\u00e3o foi desencadeada quando os policiais&nbsp; abordaram o suspeito na rodovia BR 343, no munic\u00edpio de Capit\u00e3o de Campos.<\/p>\n\n\n\n<p>No momento da abordagem, os policiais viram uma motocicleta que estava estacionada sem a placa de identifica\u00e7\u00e3o \u00e0s margens da rodovia, pr\u00f3ximo a um estabelecimento comercial. Os policiais verificaram que o ve\u00edculo original havia sido tomado de assalto em Teresina no&nbsp; ano de 2013, h\u00e1 07 anos.<\/p>\n\n\n\n<p>Os policiais verificaram no interior do com\u00e9rcio um homem que se apresentou como respons\u00e1vel do bem. O idoso informou que havia pedido emprestado o bem a um amigo para fazer umas compras e que n\u00e3o sabia da restri\u00e7\u00e3o.<\/p>\n\n\n\n<p>Desta forma, os policiais encaminharam o homem e o ve\u00edculo  \u00e0 Pol\u00edcia Civil no munic\u00edpio de Piripiri para os procedimentos necess\u00e1rios. O homem responder\u00e1 pelo crime de Recepta\u00e7\u00e3o.<\/p>\n\n\n\n<p><strong>Fonte: Cidade Verde<\/strong><\/p>\n","protected":false},"excerpt":{"rendered":"<p>Policiais Rodovi\u00e1rios Federais prenderam&nbsp; neste s\u00e1bado (02) um homem de 75 anos acusado do crime de Recepta\u00e7\u00e3o. A a\u00e7\u00e3o foi desencadeada quando os policiais&nbsp; abordaram o suspeito na rodovia BR 343, no munic\u00edpio de Capit\u00e3o de Campos. No momento da abordagem, os policiais viram uma motocicleta que estava estacionada sem a placa de identifica\u00e7\u00e3o \u00e0s [&hellip;]<\/p>\n","protected":false},"author":1,"featured_media":17246,"comment_status":"open","ping_status":"open","sticky":false,"template":"","format":"standard","meta":{"beyondwords_generate_audio":"","beyondwords_project_id":"","beyondwords_podcast_id":"","beyondwords_hash":"","beyondwords_error_message":"","beyondwords_disabled":"","publish_post_to_speechkit":"","speechkit_generate_audio":"","speechkit_project_id":"","speechkit_podcast_id":"","speechkit_hash":"","speechkit_error_message":"","speechkit_disabled":"","speechkit_access_key":"","speechkit_error":"","speechkit_info":"","speechkit_response":"","speechkit_retries":"","_speechkit_link":"","_speechkit_text":""},"categories":[51,78],"tags":[82,44,72,603,84,179,52,59,79,989,813,866],"jetpack_featured_media_url":"","_links":{"self":[{"href":"https:\/\/pinews.com.br\/index.php\/wp-json\/wp\/v2\/posts\/17245"}],"collection":[{"href":"https:\/\/pinews.com.br\/index.php\/wp-json\/wp\/v2\/posts"}],"about":[{"href":"https:\/\/pinews.com.br\/index.php\/wp-json\/wp\/v2\/types\/post"}],"author":[{"embeddable":true,"href":"https:\/\/pinews.com.br\/index.php\/wp-json\/wp\/v2\/users\/1"}],"replies":[{"embeddable":true,"href":"https:\/\/pinews.com.br\/index.php\/wp-json\/wp\/v2\/comments?post=17245"}],"version-history":[{"count":0,"href":"https:\/\/pinews.com.br\/index.php\/wp-json\/wp\/v2\/posts\/17245\/revisions"}],"wp:featuredmedia":[{"embeddable":true,"href":"https:\/\/pinews.com.br\/index.php\/wp-json\/"}],"wp:attachment":[{"href":"https:\/\/pinews.com.br\/index.php\/wp-json\/wp\/v2\/media?parent=17245"}],"wp:term":[{"taxonomy":"category","embeddable":true,"href":"https:\/\/pinews.com.br\/index.php\/wp-json\/wp\/v2\/categories?post=17245"},{"taxonomy":"post_tag","embeddable":true,"href":"https:\/\/pinews.com.br\/index.php\/wp-json\/wp\/v2\/tags?post=17245"}],"curies":[{"name":"wp","href":"https:\/\/api.w.org\/{rel}","templated":true}]}}