{"id":17275,"date":"2021-01-04T11:00:16","date_gmt":"2021-01-04T14:00:16","guid":{"rendered":"https:\/\/pinews.com.br\/?p=17275"},"modified":"2021-01-04T11:00:16","modified_gmt":"2021-01-04T14:00:16","slug":"inmet-alerta-para-chuvas-intensas-e-ventos-de-ate-60-km-h-em-114-cidades-do-piaui","status":"publish","type":"post","link":"https:\/\/pinews.com.br\/index.php\/2021\/01\/04\/inmet-alerta-para-chuvas-intensas-e-ventos-de-ate-60-km-h-em-114-cidades-do-piaui\/","title":{"rendered":"Inmet alerta para chuvas intensas e ventos de at\u00e9 60 km\/h em 114 cidades do Piau\u00ed"},"content":{"rendered":"\n<p>O Instituto Nacional de Meteorologia (Inmet) emitiu neste domingo (03\/01) um alerta amarelo que segue at\u00e9 a manh\u00e3 desta segunda-feira&nbsp;(04\/01),&nbsp;para 114 munic\u00edpios das regi\u00f5es Sudeste, Centro-Norte e Sudoeste do Piau\u00ed.<\/p>\n\n\n\n<p>Segundo meteorologia, h\u00e1 possibilidade de chuvas intensas entre 20&nbsp;e 30&nbsp;mil\u00edmetros por hora e at\u00e9 50 mil\u00edmetros por dia, com ventos entre 40 e 60 km\/h.<\/p>\n\n\n\n<p>H\u00e1 baixo risco de corte de energia el\u00e9trica, queda de galhos de \u00e1rvores, alagamentos e de descargas el\u00e9tricas.<\/p>\n\n\n\n<p>O Inmet orientou que, em caso de rajadas de vento, n\u00e3o se abrigue debaixo de \u00e1rvores, pois h\u00e1 leve risco de queda e descargas el\u00e9tricas e n\u00e3o estacione ve\u00edculos pr\u00f3ximos a torres de transmiss\u00e3o e placas de propaganda).<\/p>\n\n\n\n<p>Importante tamb\u00e9m evitar&nbsp;usar aparelhos eletr\u00f4nicos ligados \u00e0 tomada.<\/p>\n\n\n\n<p>Obtenha mais informa\u00e7\u00f5es junto \u00e0 Defesa Civil (telefone 199) e ao Corpo de Bombeiros (telefone 193).<\/p>\n\n\n\n<figure class=\"wp-block-image\"><a href=\"https:\/\/storage.stwonline.com.br\/180graus\/uploads\/ckeditor\/pictures\/2410854\/pnr.png\"><img decoding=\"async\" src=\"https:\/\/storage.stwonline.com.br\/180graus\/uploads\/ckeditor\/pictures\/2410854\/pnr.png\" alt=\"\"\/><\/a><figcaption>&nbsp;&nbsp;&nbsp;Divulga\u00e7\u00e3o \/ Inmet<\/figcaption><\/figure>\n\n\n\n<p><strong>Veja as cidades em alerta:&nbsp;<\/strong><\/p>\n\n\n\n<ol><li>Amarante<\/li><li>Angical do Piau\u00ed<\/li><li>Ant\u00f4nio Almeida<\/li><li>An\u00edsio De Abreu<\/li><li>Aroazes<\/li><li>Aroeiras Do Itaim<\/li><li>Arraial<\/li><li>Avelino Lopes<\/li><li>Baixa Grande do Ribeiro<\/li><li>Barra D\u2019Alc\u00e2ntara<\/li><li>Barreiras do Piau\u00ed<\/li><li>Bela Vista do Piau\u00ed<\/li><li>Bertol\u00ednia<\/li><li>Bocaina<\/li><li>Bom Jesus<\/li><li>Bonfim do Piau\u00ed<\/li><li>Brejo do Piau\u00ed<\/li><li>Cajazeiras do Piau\u00ed<\/li><li>Campinas do Piau\u00ed<\/li><li>Campo Alegre do Fidalgo<\/li><li>Canavieira<\/li><li>Canto do Buriti<\/li><li>Capit\u00e3o Gerv\u00e1sio Oliveira<\/li><li>Caracol<\/li><li>Col\u00f4nia do&nbsp; Gurgu\u00e9ia<\/li><li>Col\u00f4nia do Piau\u00ed<\/li><li>Concei\u00e7\u00e3o do Canind\u00e9<\/li><li>Coronel Jos\u00e9 Dias<\/li><li>Corrente<\/li><li>Cristal\u00e2ndia do Piau\u00ed<\/li><li>Cristino Castro<\/li><li>Curimat\u00e1<\/li><li>Currais<\/li><li>Dirceu Arcoverde<\/li><li>Dom Expedito Lopes<\/li><li>Dom Inoc\u00eancio<\/li><li>Elesb\u00e3o Veloso<\/li><li>Eliseu Martins<\/li><li>Fartura do Piau\u00ed<\/li><li>Flores do Piau\u00ed<\/li><li>Floresta Do Piau\u00ed<\/li><li>Floriano<\/li><li>Francin\u00f3polis<\/li><li>Francisco Ayres<\/li><li>Geminiano<\/li><li>Gilbu\u00e9s<\/li><li>Guadalupe<\/li><li>Guaribas<\/li><li>Hugo Napole\u00e3o<\/li><li>Inhuma<\/li><li>Ipiranga do Piau\u00ed<\/li><li>Isa\u00edas Coelho<\/li><li>Itain\u00f3polis<\/li><li>Itaueira<\/li><li>Jardim do&nbsp;Mulato<\/li><li>Jerumenha<\/li><li>Jo\u00e3o Costa<\/li><li>Jurema<\/li><li>J\u00falio Borges<\/li><li>Landri Sales<\/li><li>Manoel Em\u00eddio<\/li><li>Marcos Parente<\/li><li>Monte Alegre do Piau\u00ed<\/li><li>Morro Cabe\u00e7a no Tempo<\/li><li>Nazar\u00e9 do Piau\u00ed<\/li><li>Nova Santa Rita<\/li><li>Novo Oriente do Piau\u00ed<\/li><li>Oeiras<\/li><li>Paes Landim<\/li><li>Paje\u00fa do&nbsp;Piau\u00ed<\/li><li>Palmeira do Piau\u00ed<\/li><li>Paquet\u00e1<\/li><li>Parnagu\u00e1<\/li><li>Passagem Franca do Piau\u00ed<\/li><li>Pavussu<\/li><li>Pedro Laurentino<\/li><li>Picos<\/li><li>Porto Alegre do Piau\u00ed<\/li><li>Reden\u00e7\u00e3o do Gurgu\u00e9ia<\/li><li>Regenera\u00e7\u00e3o<\/li><li>Riacho Frio<\/li><li>Ribeira do Piau\u00ed<\/li><li>Ribeiro Gon\u00e7alves<\/li><li>Rio Grande do Piau\u00ed<\/li><li>Santa Cruz do Piau\u00ed<\/li><li>Santa Filomena<\/li><li>Santa Luz<\/li><li>Santa Rosa do Piau\u00ed<\/li><li>Santana do Piau\u00ed<\/li><li>Santo In\u00e1cio do Piau\u00ed<\/li><li>Sebasti\u00e3o Barros<\/li><li>Sebasti\u00e3o Leal<\/li><li>Simpl\u00edcio Mendes<\/li><li>Socorro do Piau\u00ed<\/li><li>Sussuapara<\/li><li>S\u00e3o Braz do Piau\u00ed<\/li><li>S\u00e3o Francisco Do Piau\u00ed<\/li><li>S\u00e3o Gon\u00e7alo do Gurgu\u00e9ia<\/li><li>S\u00e3o Jos\u00e9 do Peixe<\/li><li>S\u00e3o Jos\u00e9 do Piau\u00ed<\/li><li>S\u00e3o Jo\u00e3o da Varjota<\/li><li>S\u00e3o Jo\u00e3o do Piau\u00ed<\/li><li>S\u00e3o Louren\u00e7o do Piau\u00ed<\/li><li>S\u00e3o Miguel do Fidalgo<\/li><li>S\u00e3o Raimundo Nonato<\/li><li>Tamboril do Piau\u00ed<\/li><li>Tanque do Piau\u00ed<\/li><li>Uru\u00e7u\u00ed<\/li><li>Valen\u00e7a do Piau\u00ed<\/li><li>Vera Mendes<\/li><li>V\u00e1rzea Branca<\/li><li>V\u00e1rzea Grande<\/li><li>Wall Ferraz<\/li><li>Alvorada do Gurgu\u00e9ia<\/li><\/ol>\n\n\n\n<p><strong>Fonte: 180 graus<\/strong><\/p>\n","protected":false},"excerpt":{"rendered":"<p>O Instituto Nacional de Meteorologia (Inmet) emitiu neste domingo (03\/01) um alerta amarelo que segue at\u00e9 a manh\u00e3 desta segunda-feira&nbsp;(04\/01),&nbsp;para 114 munic\u00edpios das regi\u00f5es Sudeste, Centro-Norte e Sudoeste do Piau\u00ed. Segundo meteorologia, h\u00e1 possibilidade de chuvas intensas entre 20&nbsp;e 30&nbsp;mil\u00edmetros por hora e at\u00e9 50 mil\u00edmetros por dia, com ventos entre 40 e 60 km\/h. [&hellip;]<\/p>\n","protected":false},"author":1,"featured_media":17276,"comment_status":"open","ping_status":"open","sticky":false,"template":"","format":"standard","meta":{"beyondwords_generate_audio":"","beyondwords_project_id":"","beyondwords_podcast_id":"","beyondwords_hash":"","beyondwords_error_message":"","beyondwords_disabled":"","publish_post_to_speechkit":"","speechkit_generate_audio":"","speechkit_project_id":"","speechkit_podcast_id":"","speechkit_hash":"","speechkit_error_message":"","speechkit_disabled":"","speechkit_access_key":"","speechkit_error":"","speechkit_info":"","speechkit_response":"","speechkit_retries":"","_speechkit_link":"","_speechkit_text":""},"categories":[51],"tags":[7130,409,1403,815,2045,809,44,46,6452,6453,7131,350,52,1406],"jetpack_featured_media_url":"","_links":{"self":[{"href":"https:\/\/pinews.com.br\/index.php\/wp-json\/wp\/v2\/posts\/17275"}],"collection":[{"href":"https:\/\/pinews.com.br\/index.php\/wp-json\/wp\/v2\/posts"}],"about":[{"href":"https:\/\/pinews.com.br\/index.php\/wp-json\/wp\/v2\/types\/post"}],"author":[{"embeddable":true,"href":"https:\/\/pinews.com.br\/index.php\/wp-json\/wp\/v2\/users\/1"}],"replies":[{"embeddable":true,"href":"https:\/\/pinews.com.br\/index.php\/wp-json\/wp\/v2\/comments?post=17275"}],"version-history":[{"count":0,"href":"https:\/\/pinews.com.br\/index.php\/wp-json\/wp\/v2\/posts\/17275\/revisions"}],"wp:featuredmedia":[{"embeddable":true,"href":"https:\/\/pinews.com.br\/index.php\/wp-json\/"}],"wp:attachment":[{"href":"https:\/\/pinews.com.br\/index.php\/wp-json\/wp\/v2\/media?parent=17275"}],"wp:term":[{"taxonomy":"category","embeddable":true,"href":"https:\/\/pinews.com.br\/index.php\/wp-json\/wp\/v2\/categories?post=17275"},{"taxonomy":"post_tag","embeddable":true,"href":"https:\/\/pinews.com.br\/index.php\/wp-json\/wp\/v2\/tags?post=17275"}],"curies":[{"name":"wp","href":"https:\/\/api.w.org\/{rel}","templated":true}]}}