{"id":17331,"date":"2021-01-05T11:43:08","date_gmt":"2021-01-05T14:43:08","guid":{"rendered":"https:\/\/pinews.com.br\/?p=17331"},"modified":"2021-01-05T11:43:08","modified_gmt":"2021-01-05T14:43:08","slug":"inscricoes-ja-estao-abertas-para-cursos-de-pos-graduacao-da-uespi","status":"publish","type":"post","link":"https:\/\/pinews.com.br\/index.php\/2021\/01\/05\/inscricoes-ja-estao-abertas-para-cursos-de-pos-graduacao-da-uespi\/","title":{"rendered":"Inscri\u00e7\u00f5es j\u00e1 est\u00e3o abertas para cursos de P\u00f3s-Gradua\u00e7\u00e3o da UESPI"},"content":{"rendered":"\n<p>Iniciou&nbsp;na&nbsp;segunda-feira (04) as inscri\u00e7\u00f5es para os Cursos do Programa de P\u00f3s-Gradua\u00e7\u00e3o&nbsp;Lato Sensu&nbsp;da Universidade Estadual do Piau\u00ed.<\/p>\n\n\n\n<p>S\u00e3o 801 vagas para ingresso no 1\u00ba semestre de 2021, em 19 cursos, sendo destinadas a candidatos diplomados em cursos de gradua\u00e7\u00e3o ou demais cursos superiores. As inscri\u00e7\u00f5es para as especializa\u00e7\u00f5es encerram dia&nbsp;05 de mar\u00e7o.<\/p>\n\n\n\n<p>Para realizar a inscri\u00e7\u00e3o, o interessado deve acessar o&nbsp;<a href=\"https:\/\/www.uespi.br\/prop\/\" target=\"_blank\" rel=\"noreferrer noopener\"><strong>site da PROP<\/strong><\/a>, preencher o formul\u00e1rio de inscri\u00e7\u00e3o, imprimir o comprovante de inscri\u00e7\u00e3o e o boleto com o valor da Taxa de Inscri\u00e7\u00e3o \u2013 R$ 50,00. Ap\u00f3s esse processo, o candidato entregar\u00e1 \u2013 presencialmente ou via Correios \u2013 estes e outros documentos exigidos no&nbsp;<a href=\"https:\/\/www.uespi.br\/site\/wp-content\/uploads\/2020\/12\/Edital-PROP-005.2020-ESPECIALIZA%C3%87%C3%95ES-.pdf\" target=\"_blank\" rel=\"noreferrer noopener\"><strong>Edital<\/strong><\/a>,&nbsp;concluindo assim o procedimento de inscri\u00e7\u00e3o.<\/p>\n\n\n\n<p><strong>Confira as informa\u00e7\u00f5es sobre cada especializa\u00e7\u00e3o ofertada pela UESPI:<\/strong><\/p>\n\n\n\n<p><strong>1.&nbsp;Especializa\u00e7\u00e3o em Administra\u00e7\u00e3o Financeira&nbsp;(420h):<\/strong>&nbsp;visa prepara o profissional para desenvolver compet\u00eancias de gest\u00e3o nos executivos financeiros das empresas. O p\u00fablico-alvo dessa forma\u00e7\u00e3o s\u00e3o pessoas graduadas em Contabilidade, Administra\u00e7\u00e3o, Economia, Tecn\u00f3logos em Gest\u00e3o Comercial ou \u00e1reas afins. Para cursar esta p\u00f3s-gradua\u00e7\u00e3o, \u00e9 necess\u00e1rio o investimento de R$ 220,00 durante 16 meses.<\/p>\n\n\n\n<p><strong>2.&nbsp;Especializa\u00e7\u00e3o em Contabilidade Tribut\u00e1ria F\u00edsico Cont\u00e1bil&nbsp;(420h):<\/strong>&nbsp;forma\u00e7\u00e3o destinada aos graduados em Ci\u00eancias Cont\u00e1beis e \u00e1reas afins, que visa proporcionar aos profissionais conhecimentos relacionados \u00e0 atua\u00e7\u00e3o do Contador nas \u00e1reas cont\u00e1bil, fiscal, tribut\u00e1ria e trabalhista, bem como, no uso de tecnologias e gerenciamento de informa\u00e7\u00f5es. Investimento: 16 x R$ 220,00.<\/p>\n\n\n\n<p><strong>3.&nbsp;Especializa\u00e7\u00e3o em Administra\u00e7\u00e3o Hospitalar e Unidades de Sa\u00fade&nbsp;(420h):<\/strong>&nbsp;objetiva formar gestores identificados com os modernos processos administrativos na \u00e1rea da sa\u00fade. P\u00fablico-Alvo: Graduados em Contabilidade, Administra\u00e7\u00e3o, Economia, Tecn\u00f3logos em Gest\u00e3o Comercial ou \u00e1reas afins. Investimento: 16 x R$ 250,00.<\/p>\n\n\n\n<p><strong>4.&nbsp;Especializa\u00e7\u00e3o em Direito Constitucional&nbsp;(420h):<\/strong>&nbsp;almeja formar profissionais com excelente base t\u00e9cnica e s\u00f3lidos conhecimentos jur\u00eddicos, comprometidos com a \u00e9tica profissional, o Estado de Direito e os deveres da cidadania, sob a orienta\u00e7\u00e3o de um corpo docente altamente qualificado. Este curso \u00e9 voltado especificamente para os bachar\u00e9is em Direito. Investimento: 16 x R$ 250,00.<\/p>\n\n\n\n<p><strong>5.&nbsp;Especializa\u00e7\u00e3o em Educa\u00e7\u00e3o, Direitos Humanos e Seguran\u00e7a P\u00fablica&nbsp;(420h):<\/strong>&nbsp;curso destinado aos graduados em cursos de licenciatura plena e bacharelados, que visa propiciar a forma\u00e7\u00e3o de compet\u00eancias e habilidades com aprofundamento das tem\u00e1ticas do policiamento, dos direitos humanos, g\u00eanero e \u00e9tnico-racial, forma\u00e7\u00e3o na gest\u00e3o da educa\u00e7\u00e3o, cidadania, dentre outros temos. Investimento: 15 x R$ 200,00.<\/p>\n\n\n\n<p><strong>6.&nbsp;Especializa\u00e7\u00e3o em Educa\u00e7\u00e3o Especial&nbsp;(435h):<\/strong>&nbsp;pretende formar profissionais que sejam capazes de lidar com a linguagem, no contexto oral, sinalizado e escrito, e com interculturalidade \u2013 construindo e propagando uma vis\u00e3o cr\u00edtica da sociedade. Investimento: 15 x R$ 200,00.<\/p>\n\n\n\n<p><strong>7.&nbsp;Especializa\u00e7\u00e3o em Doc\u00eancia do Ensino Superior&nbsp;(390h):<\/strong>&nbsp;promove a forma\u00e7\u00e3o de profissionais qualificados que desejam atuar como docentes no Ensino Superior, dotando-os de conhecimentos te\u00f3ricos e pr\u00e1ticos para o<br>exerc\u00edcio da doc\u00eancia. P\u00fablico-Alvo:&nbsp;Candidatos graduados nas diversas \u00e1reas do conhecimento. Investimento: 15 x R$ 200,00.<\/p>\n\n\n\n<p><strong>8.&nbsp;Especializa\u00e7\u00e3o em coordena\u00e7\u00e3o Pedag\u00f3gica&nbsp;(405h):<\/strong>&nbsp;objetiva especializar profissionais para compreender e atuar na din\u00e2mica da Coordena\u00e7\u00e3o Pedag\u00f3gica das institui\u00e7\u00f5es educacionais e nos seus movimentos pol\u00edtico-econ\u00f4mico-sociais, al\u00e9m de propor alternativas que viabilizem melhorias na qualidade dos processos educativos. Esta especializa\u00e7\u00e3o \u00e9 destinada para portadores de diplomas em Licenciatura e Bacharelado em diversas \u00e1reas do conhecimento. Investimento: 15 x R$ 200,00.<\/p>\n\n\n\n<p><strong>9.&nbsp;Especializa\u00e7\u00e3o em Fisioterapia Hospitalar&nbsp;(450h):<\/strong>&nbsp;ao adquirir essa forma\u00e7\u00e3o, o fisioterapeuta graduado estar\u00e1 apto para&nbsp;desempenhar fun\u00e7\u00f5es t\u00e9cnicas de avalia\u00e7\u00e3o, prescri\u00e7\u00e3o, interven\u00e7\u00e3o e reabilita\u00e7\u00e3o na Fisioterapia Hospitalar. Investimento: 17 x R$ 270,00.<\/p>\n\n\n\n<p><strong>10.&nbsp;Especializa\u00e7\u00e3o em Atividade F\u00edsica e Sa\u00fade&nbsp;(360h):<\/strong>&nbsp;o p\u00fablico alvo dessa forma\u00e7\u00e3o s\u00e3o os candidatos graduados em Licenciaturas e\/ou Bacharelados em Educa\u00e7\u00e3o F\u00edsica e profissionais da \u00e1rea da sa\u00fade&nbsp;que atuem ou que tenham interesse em \u00e1reas da promo\u00e7\u00e3o da sa\u00fade ligada \u00e0 atividade F\u00edsica. Investimento: 14 x R$ 220,00.<\/p>\n\n\n\n<p><strong>11.&nbsp;Especializa\u00e7\u00e3o em Estomaterapia&nbsp;(690h):<\/strong>&nbsp;objetiva qualificar enfermeiros para utilizar o racioc\u00ednio e julgamento cl\u00ednico com base nas evid\u00eancias cient\u00edficas mais avan\u00e7adas, para o atendimento de pessoas com incontin\u00eancia anal e\/ou urin\u00e1ria, com les\u00f5es de pele, f\u00edstulas e pacientes estomizados, visando aperfei\u00e7oar suas compet\u00eancias em processos de cuidado. Investimento: 21 x R$ 650,00.<\/p>\n\n\n\n<p><strong>12.&nbsp;Especializa\u00e7\u00e3o em an\u00e1lise lingu\u00edstica no ensino da L\u00edngua Portuguesa&nbsp;(420h):<\/strong>&nbsp;visa promover a capacita\u00e7\u00e3o de professores de L\u00edngua Portuguesa para desenvolver pr\u00e1ticas inovadoras de ensino a partir dos estudos lingu\u00edsticos, das&nbsp;orienta\u00e7\u00f5es oficiais para Educa\u00e7\u00e3o B\u00e1sica e a realidade da Escola. Investimento: 15 x R$ 255,00.<\/p>\n\n\n\n<p><strong>13.&nbsp;Especializa\u00e7\u00e3o em L\u00edngua Brasileira de Sinais&nbsp;(450h):<\/strong>&nbsp;oferece estudos te\u00f3ricos e pr\u00e1ticos sobre&nbsp;LIBRAS, visando \u00e0 melhoria da atua\u00e7\u00e3o desses profissionais em Escolas e na Sociedade em Geral.&nbsp;Essa forma\u00e7\u00e3o est\u00e1 sendo ofertada no campus de Floriano, Parna\u00edba e Piripiri. Investimento: 18 x R$ 200,00.<\/p>\n\n\n\n<p><strong>14.&nbsp;Especializa\u00e7\u00e3o em Inform\u00e1tica na Educa\u00e7\u00e3o&nbsp;(450h):<\/strong>&nbsp;proporciona aos profissionais graduados nas mais<br>diversas \u00e1reas, conhecimentos especializados acerca de tecnologias a serem utilizadas no processo de ensino\/aprendizagem. Investimento: 16 x R$ 180,00.<\/p>\n\n\n\n<p><strong>15.&nbsp;Especializa\u00e7\u00e3o em L\u00edngua Portuguesa e Literatura&nbsp;(450h):<\/strong>&nbsp;objetiva capacitar professores, especialmente da Educa\u00e7\u00e3o B\u00e1sica, para o ensino e pesquisa em L\u00edngua Portuguesa e Literatura. Investimento: 18 x R$ 170,00.<\/p>\n\n\n\n<p><strong>16.&nbsp;Especializa\u00e7\u00e3o em Estudos Lingu\u00edsticos e Liter\u00e1rios&nbsp;(450h):<\/strong>&nbsp;visa capacitar professores para aprofundar o conhecimento,&nbsp;analisando os aspectos cr\u00edticos e multifacetados de produ\u00e7\u00f5es lingu\u00edsticas, liter\u00e1rias, como tamb\u00e9m<br>metodol\u00f3gicas e cient\u00edficas. Investimento: 16 x R$ 160,00.<\/p>\n\n\n\n<p><strong>17.&nbsp;Especializa\u00e7\u00e3o em Intelig\u00eancia e Marketing&nbsp;(450h):<\/strong>&nbsp;capacita o profissional para desenvolver habilidades de identificar no mercado as melhores oportunidades de neg\u00f3cio com base nos dados dispon\u00edveis para an\u00e1lise. P\u00fablico Alvo: candidatos graduados em quaisquer \u00e1reas do conhecimento que tenham interesse em Marketing ou que atuem com decis\u00f5es de mercado. Investimento: 18 x R$ 200,00.<\/p>\n\n\n\n<p><a rel=\"noreferrer noopener\" href=\"https:\/\/www.uespi.br\/site\/wp-content\/uploads\/2020\/12\/Edital-PROP-005.2020-ESPECIALIZA%C3%87%C3%95ES-.pdf\" target=\"_blank\"><strong>Confira mais detalhes no Edital-PROP-005.2020-ESPECIALIZA\u00c7\u00d5ES<\/strong><\/a><\/p>\n\n\n\n<p><strong>Fonte: Ascom<\/strong><\/p>\n","protected":false},"excerpt":{"rendered":"<p>Iniciou&nbsp;na&nbsp;segunda-feira (04) as inscri\u00e7\u00f5es para os Cursos do Programa de P\u00f3s-Gradua\u00e7\u00e3o&nbsp;Lato Sensu&nbsp;da Universidade Estadual do Piau\u00ed. S\u00e3o 801 vagas para ingresso no 1\u00ba semestre de 2021, em 19 cursos, sendo destinadas a candidatos diplomados em cursos de gradua\u00e7\u00e3o ou demais cursos superiores. As inscri\u00e7\u00f5es para as especializa\u00e7\u00f5es encerram dia&nbsp;05 de mar\u00e7o. Para realizar a inscri\u00e7\u00e3o, [&hellip;]<\/p>\n","protected":false},"author":1,"featured_media":14866,"comment_status":"open","ping_status":"open","sticky":false,"template":"","format":"standard","meta":{"beyondwords_generate_audio":"","beyondwords_project_id":"","beyondwords_podcast_id":"","beyondwords_hash":"","beyondwords_error_message":"","beyondwords_disabled":"","publish_post_to_speechkit":"","speechkit_generate_audio":"","speechkit_project_id":"","speechkit_podcast_id":"","speechkit_hash":"","speechkit_error_message":"","speechkit_disabled":"","speechkit_access_key":"","speechkit_error":"","speechkit_info":"","speechkit_response":"","speechkit_retries":"","_speechkit_link":"","_speechkit_text":""},"categories":[134,51],"tags":[7149,2146,122,44,5609,1186,396,350,5638,1528],"jetpack_featured_media_url":"","_links":{"self":[{"href":"https:\/\/pinews.com.br\/index.php\/wp-json\/wp\/v2\/posts\/17331"}],"collection":[{"href":"https:\/\/pinews.com.br\/index.php\/wp-json\/wp\/v2\/posts"}],"about":[{"href":"https:\/\/pinews.com.br\/index.php\/wp-json\/wp\/v2\/types\/post"}],"author":[{"embeddable":true,"href":"https:\/\/pinews.com.br\/index.php\/wp-json\/wp\/v2\/users\/1"}],"replies":[{"embeddable":true,"href":"https:\/\/pinews.com.br\/index.php\/wp-json\/wp\/v2\/comments?post=17331"}],"version-history":[{"count":0,"href":"https:\/\/pinews.com.br\/index.php\/wp-json\/wp\/v2\/posts\/17331\/revisions"}],"wp:featuredmedia":[{"embeddable":true,"href":"https:\/\/pinews.com.br\/index.php\/wp-json\/"}],"wp:attachment":[{"href":"https:\/\/pinews.com.br\/index.php\/wp-json\/wp\/v2\/media?parent=17331"}],"wp:term":[{"taxonomy":"category","embeddable":true,"href":"https:\/\/pinews.com.br\/index.php\/wp-json\/wp\/v2\/categories?post=17331"},{"taxonomy":"post_tag","embeddable":true,"href":"https:\/\/pinews.com.br\/index.php\/wp-json\/wp\/v2\/tags?post=17331"}],"curies":[{"name":"wp","href":"https:\/\/api.w.org\/{rel}","templated":true}]}}