{"id":17374,"date":"2021-01-06T19:20:28","date_gmt":"2021-01-06T22:20:28","guid":{"rendered":"https:\/\/pinews.com.br\/?p=17374"},"modified":"2021-01-06T19:20:28","modified_gmt":"2021-01-06T22:20:28","slug":"secretario-de-turismo-defende-adiar-carnaval-fundacao-avalia-sobre-o-corso-2021","status":"publish","type":"post","link":"https:\/\/pinews.com.br\/index.php\/2021\/01\/06\/secretario-de-turismo-defende-adiar-carnaval-fundacao-avalia-sobre-o-corso-2021\/","title":{"rendered":"Secret\u00e1rio de Turismo defende adiar Carnaval; Funda\u00e7\u00e3o avalia sobre o Corso 2021"},"content":{"rendered":"\n<p>O secret\u00e1rio estadual de Turismo, Fl\u00e1vio Nogueira J\u00fanior, defendeu nesta quarta-feira (6) o adiamento das festividades do Carnaval no Piau\u00ed. O assunto ser\u00e1 discutido com o governador Wellington Dias (PT), mas ainda n\u00e3o h\u00e1 uma data marcada para reuni\u00e3o.&nbsp;<br><br>Com a proximidade do Carnaval, os gestores come\u00e7am a discutir sobre a possibilidade de adiar a festa devido a pandemia da Covid-19. Pelo calend\u00e1rio, o Carnaval est\u00e1 previsto para ocorrer entre os dias 13 e 16 de fevereiro.&nbsp;<br><br>A&nbsp;Funda\u00e7\u00e3o Municipal de Cultura Monsenhor Chaves faz avalia\u00e7\u00e3o do Corso de Teresina.&nbsp;O Cidadeverde.com apurou que at\u00e9 a pr\u00f3xima sexta-feira (8) o Centro de Opera\u00e7\u00f5es Emergenciais (COE) dever\u00e1 emitir um protocolo sobre o Corso de Teresina, que acontece antes da semana do carnaval. A orienta\u00e7\u00e3o do COE dever\u00e1 abranger o per\u00edodo carnavalesco.&nbsp;<br><br><strong>Adiamento para junho<\/strong><br><br>Para Fl\u00e1vio Nogueira Junior, a pandemia permanece com cen\u00e1rio preocupante e a proposta \u00e9 de adiar a comemora\u00e7\u00e3o do carnaval para o m\u00eas de junho, caso a vacina contra o novo coronav\u00edrus j\u00e1 esteja dispon\u00edvel.&nbsp;<br><br>Caso ocorra o adiamento para junho, a possibilidade \u00e9 de unir as comemora\u00e7\u00f5es do carnaval e das festas juninas em um \u201cgrande evento\u201d.&nbsp;<br><br>\u201cO v\u00edrus continua circulando, j\u00e1 se tem not\u00edcias de uma variante e sabemos que as festividades de carnaval costumam sempre contar com uma presen\u00e7a muito grande de pessoas, ou seja, com aglomera\u00e7\u00f5es, o que n\u00e3o \u00e9 recomendado nesse momento\u201d, diz o secret\u00e1rio, que tamb\u00e9m \u00e9 m\u00e9dico.<br><br>O boletim da Secretaria Estadual de Sa\u00fade contabiliza 2.873 mortes pela Covid-19 e 114.857 casos confirmados do novo coronav\u00edrus.&nbsp;&nbsp;<\/p>\n\n\n\n<p><br>Os estados da Bahia e do Rio de Janeiro, que possuem tradi\u00e7\u00f5es carnavalescas, j\u00e1 adiaram as comemora\u00e7\u00f5es.<\/p>\n\n\n\n<p><strong>Cidades&nbsp;<\/strong><br><br>O secret\u00e1rio ressalta que \u201co Piau\u00ed tem muitas cidades com tradi\u00e7\u00f5es carnavalescas, a exemplo de Lu\u00eds Correia, Barras, \u00c1gua Branca, Uni\u00e3o e Floriano, por exemplo. Discutiremos com os prefeitos dessas cidades tamb\u00e9m para avaliar um momento oportuno para que essas festas possam voltar a acontecer, mas em seguran\u00e7a\u201d.&nbsp;<br><br>\u201cS\u00e3o cidades que costumam trazer bandas nacionais e atraem um grande p\u00fablico, n\u00e3o apenas do Piau\u00ed, mas tamb\u00e9m de outros estados. O momento \u00e9 de continuar com cautela, adotando os cuidados necess\u00e1rios para evitarmos que tenhamos ainda mais casos de pessoas com o v\u00edrus e at\u00e9 mesmo \u00f3bitos\u201d, avalia.<\/p>\n\n\n\n<p><br><strong>Fonte: Carlienne Carpaso\/ Cidade Verde<\/strong><\/p>\n","protected":false},"excerpt":{"rendered":"<p>O secret\u00e1rio estadual de Turismo, Fl\u00e1vio Nogueira J\u00fanior, defendeu nesta quarta-feira (6) o adiamento das festividades do Carnaval no Piau\u00ed. O assunto ser\u00e1 discutido com o governador Wellington Dias (PT), mas ainda n\u00e3o h\u00e1 uma data marcada para reuni\u00e3o.&nbsp; Com a proximidade do Carnaval, os gestores come\u00e7am a discutir sobre a possibilidade de adiar a [&hellip;]<\/p>\n","protected":false},"author":1,"featured_media":17375,"comment_status":"open","ping_status":"open","sticky":false,"template":"","format":"standard","meta":{"beyondwords_generate_audio":"","beyondwords_project_id":"","beyondwords_podcast_id":"","beyondwords_hash":"","beyondwords_error_message":"","beyondwords_disabled":"","publish_post_to_speechkit":"","speechkit_generate_audio":"","speechkit_project_id":"","speechkit_podcast_id":"","speechkit_hash":"","speechkit_error_message":"","speechkit_disabled":"","speechkit_access_key":"","speechkit_error":"","speechkit_info":"","speechkit_response":"","speechkit_retries":"","_speechkit_link":"","_speechkit_text":""},"categories":[134],"tags":[2254,7161,7162,309,7163,44,6833,7164,1050,5607,7165],"jetpack_featured_media_url":"","_links":{"self":[{"href":"https:\/\/pinews.com.br\/index.php\/wp-json\/wp\/v2\/posts\/17374"}],"collection":[{"href":"https:\/\/pinews.com.br\/index.php\/wp-json\/wp\/v2\/posts"}],"about":[{"href":"https:\/\/pinews.com.br\/index.php\/wp-json\/wp\/v2\/types\/post"}],"author":[{"embeddable":true,"href":"https:\/\/pinews.com.br\/index.php\/wp-json\/wp\/v2\/users\/1"}],"replies":[{"embeddable":true,"href":"https:\/\/pinews.com.br\/index.php\/wp-json\/wp\/v2\/comments?post=17374"}],"version-history":[{"count":0,"href":"https:\/\/pinews.com.br\/index.php\/wp-json\/wp\/v2\/posts\/17374\/revisions"}],"wp:featuredmedia":[{"embeddable":true,"href":"https:\/\/pinews.com.br\/index.php\/wp-json\/"}],"wp:attachment":[{"href":"https:\/\/pinews.com.br\/index.php\/wp-json\/wp\/v2\/media?parent=17374"}],"wp:term":[{"taxonomy":"category","embeddable":true,"href":"https:\/\/pinews.com.br\/index.php\/wp-json\/wp\/v2\/categories?post=17374"},{"taxonomy":"post_tag","embeddable":true,"href":"https:\/\/pinews.com.br\/index.php\/wp-json\/wp\/v2\/tags?post=17374"}],"curies":[{"name":"wp","href":"https:\/\/api.w.org\/{rel}","templated":true}]}}