{"id":17388,"date":"2021-01-07T10:48:59","date_gmt":"2021-01-07T13:48:59","guid":{"rendered":"https:\/\/pinews.com.br\/?p=17388"},"modified":"2021-01-07T10:48:59","modified_gmt":"2021-01-07T13:48:59","slug":"mulher-e-assassinada-com-varios-golpes-de-faca-no-norte-do-piaui","status":"publish","type":"post","link":"https:\/\/pinews.com.br\/index.php\/2021\/01\/07\/mulher-e-assassinada-com-varios-golpes-de-faca-no-norte-do-piaui\/","title":{"rendered":"Mulher \u00e9 assassinada com v\u00e1rios golpes de faca no Norte do Piau\u00ed"},"content":{"rendered":"\n<p>Uma mulher identificada apenas como Fernanda foi assassinada a golpes de faca, nesta quinta-feira (07\/01), na cidade de Esperantina, nas proximidades do bairro Pedreira.<\/p>\n\n\n\n<p>A v\u00edtima residia no residencial Alecrim e a suspeita do crime \u00e9 uma&nbsp;mulher identificada como Neta, que j\u00e1 se encontra presa na delegacia de Esperantina.<\/p>\n\n\n\n<p>Ap\u00f3s o crime, a Pol\u00edcia Militar e a Pol\u00edcia Civil agiram r\u00e1pido e a suspeita do&nbsp;assassinato j\u00e1 est\u00e1 \u00e0&nbsp;disposi\u00e7\u00e3o da justi\u00e7a. As causas do crime est\u00e3o sendo apuradas.<\/p>\n\n\n\n<p>O corpo permaneceu&nbsp;no local aguardando a chegada do Instituto M\u00e9dico Legal para realizar os procedimentos legais.<\/p>\n\n\n\n<figure class=\"wp-block-image\"><a href=\"https:\/\/storage.stwonline.com.br\/180graus\/uploads\/ckeditor\/pictures\/2411857\/20210107-063759-768x432.jpg\"><img decoding=\"async\" src=\"https:\/\/storage.stwonline.com.br\/180graus\/uploads\/ckeditor\/pictures\/2411857\/20210107-063759-768x432.jpg\" alt=\"\"\/><\/a><figcaption>Foto: Reprodu\u00e7\u00e3o<\/figcaption><\/figure>\n\n\n\n<p><strong>Fonte: Ducocais<\/strong><\/p>\n","protected":false},"excerpt":{"rendered":"<p>Uma mulher identificada apenas como Fernanda foi assassinada a golpes de faca, nesta quinta-feira (07\/01), na cidade de Esperantina, nas proximidades do bairro Pedreira. A v\u00edtima residia no residencial Alecrim e a suspeita do crime \u00e9 uma&nbsp;mulher identificada como Neta, que j\u00e1 se encontra presa na delegacia de Esperantina. Ap\u00f3s o crime, a Pol\u00edcia Militar [&hellip;]<\/p>\n","protected":false},"author":1,"featured_media":17389,"comment_status":"open","ping_status":"open","sticky":false,"template":"","format":"standard","meta":{"beyondwords_generate_audio":"","beyondwords_project_id":"","beyondwords_podcast_id":"","beyondwords_hash":"","beyondwords_error_message":"","beyondwords_disabled":"","publish_post_to_speechkit":"","speechkit_generate_audio":"","speechkit_project_id":"","speechkit_podcast_id":"","speechkit_hash":"","speechkit_error_message":"","speechkit_disabled":"","speechkit_access_key":"","speechkit_error":"","speechkit_info":"","speechkit_response":"","speechkit_retries":"","_speechkit_link":"","_speechkit_text":""},"categories":[51,78],"tags":[707,44,72,247,83,135,337,52,166],"jetpack_featured_media_url":"","_links":{"self":[{"href":"https:\/\/pinews.com.br\/index.php\/wp-json\/wp\/v2\/posts\/17388"}],"collection":[{"href":"https:\/\/pinews.com.br\/index.php\/wp-json\/wp\/v2\/posts"}],"about":[{"href":"https:\/\/pinews.com.br\/index.php\/wp-json\/wp\/v2\/types\/post"}],"author":[{"embeddable":true,"href":"https:\/\/pinews.com.br\/index.php\/wp-json\/wp\/v2\/users\/1"}],"replies":[{"embeddable":true,"href":"https:\/\/pinews.com.br\/index.php\/wp-json\/wp\/v2\/comments?post=17388"}],"version-history":[{"count":0,"href":"https:\/\/pinews.com.br\/index.php\/wp-json\/wp\/v2\/posts\/17388\/revisions"}],"wp:featuredmedia":[{"embeddable":true,"href":"https:\/\/pinews.com.br\/index.php\/wp-json\/"}],"wp:attachment":[{"href":"https:\/\/pinews.com.br\/index.php\/wp-json\/wp\/v2\/media?parent=17388"}],"wp:term":[{"taxonomy":"category","embeddable":true,"href":"https:\/\/pinews.com.br\/index.php\/wp-json\/wp\/v2\/categories?post=17388"},{"taxonomy":"post_tag","embeddable":true,"href":"https:\/\/pinews.com.br\/index.php\/wp-json\/wp\/v2\/tags?post=17388"}],"curies":[{"name":"wp","href":"https:\/\/api.w.org\/{rel}","templated":true}]}}