{"id":17399,"date":"2021-01-07T17:28:02","date_gmt":"2021-01-07T20:28:02","guid":{"rendered":"https:\/\/pinews.com.br\/?p=17399"},"modified":"2021-01-07T17:28:02","modified_gmt":"2021-01-07T20:28:02","slug":"estudantes-pedem-novo-adiamento-do-enem-em-meio-ao-avanco-da-pandemia-no-brasil","status":"publish","type":"post","link":"https:\/\/pinews.com.br\/index.php\/2021\/01\/07\/estudantes-pedem-novo-adiamento-do-enem-em-meio-ao-avanco-da-pandemia-no-brasil\/","title":{"rendered":"Estudantes pedem novo adiamento do Enem em meio ao avan\u00e7o da pandemia no Brasil"},"content":{"rendered":"\n<p><br>Entidades estudantis pedem um novo adiamento do Exame Nacional do Ensino M\u00e9dio (Enem), marcado para os dias 17 e 24 de janeiro de 2021. Realizada em meio \u00e0 pandemia, a prova tem 5,7 milh\u00f5es de inscritos em todo o Pa\u00eds. Segundo os estudantes, n\u00e3o h\u00e1 condi\u00e7\u00f5es seguras para a realiza\u00e7\u00e3o do exame. O Instituto Nacional de Pesquisas Educacionais (Inep), respons\u00e1vel pela prova, afirma que a data est\u00e1 mantida.<\/p>\n\n\n\n<p>Em nota conjunta, a Uni\u00e3o Nacional dos Estudantes (UNE) e a Uni\u00e3o Brasileira dos Estudantes Secundaristas (Ubes) afirmam que a realiza\u00e7\u00e3o da prova coloca em risco a seguran\u00e7a &#8220;em um ambiente de crescente contamina\u00e7\u00e3o&#8221;. As entidades citam o fato de que milh\u00f5es de pessoas ficar\u00e3o em salas de aulas fechadas distribu\u00eddas por todo o Pa\u00eds.<\/p>\n\n\n\n<p>&#8220;N\u00e3o h\u00e1 confian\u00e7a por parte de muitos estudantes, seja pelo cuidado com a sa\u00fade, muitos em grupo de risco, ou mesmo pelas restri\u00e7\u00f5es impostas nos Estados e munic\u00edpios&#8221;, afirma a nota. Nas redes sociais, os estudantes tamb\u00e9m organizam manifesta\u00e7\u00f5es pedindo o adiamento do Enem. Um &#8220;tuita\u00e7o&#8221; foi realizado nesta quarta-feira, pedindo um Enem seguro.<\/p>\n\n\n\n<p>A prova est\u00e1 marcada para os dias 17 e 24 de janeiro, em um momento em que o Brasil chega perto das 200 mil mortes pela covid-19, com curva ascendente de infec\u00e7\u00f5es. Algumas regi\u00f5es, como o Estado do Amazonas e a cidade de Belo Horizonte, j\u00e1 determinaram o fechamento do com\u00e9rcio por causa do aumento das interna\u00e7\u00f5es pela covid-19.<\/p>\n\n\n\n<p>Inicialmente, o exame ocorreria em novembro, mas, por press\u00e3o dos estudantes e de outras entidades, uma consulta p\u00fablica foi convocada no ano passado para definir uma nova data. Essa enquete indicou que a maioria dos alunos inscritos preferia fazer a prova em maio de 2021.<\/p>\n\n\n\n<p>Apesar de o resultado da enquete indicar prefer\u00eancia pelo m\u00eas de maio, o Inep marcou o exame para janeiro. O argumento foi que, se o exame fosse realizado s\u00f3 em maio, os ingressos no ensino superior ocorreriam apenas no segundo semestre. &#8220;Perder\u00edamos o semestre inteiro&#8221;, argumentou \u00e0 \u00e9poca o ministro interino da Educa\u00e7\u00e3o, Ant\u00f4nio Vogel.<\/p>\n\n\n\n<p>O ano de 2020 foi marcado pela desigualdade na educa\u00e7\u00e3o. Enquanto parte das escolas particulares conseguiu se organizar para oferecer aulas a dist\u00e2ncia, na rede p\u00fablica houve dificuldade de garantir o acesso dos alunos \u00e0s atividades remotas &#8211; j\u00e1 que muitos n\u00e3o t\u00eam equipamentos &#8211; e at\u00e9 mesmo de entregar atividades impressas para aqueles que vivem em zonas rurais ou \u00e1reas remotas. Em outubro, 4,9 milh\u00f5es de estudantes do ensino fundamental e m\u00e9dio n\u00e3o tiveram acesso a atividades escolares.<\/p>\n\n\n\n<p>As desigualdades na educa\u00e7\u00e3o tamb\u00e9m s\u00e3o um argumento dos estudantes em defesa do adiamento do Enem. &#8220;O que se esperava, desde o in\u00edcio, era que o MEC estivesse na linha de frente, propondo e coordenando um grupo de trabalho, com a\u00e7\u00f5es estrat\u00e9gicas e investimentos que buscassem reduzir as desigualdades aprofundadas pela pandemia&#8221;, escreveram os estudantes. &#8220;Tanto essas medidas n\u00e3o aconteceram, quanto os n\u00fameros de contamina\u00e7\u00f5es e mortes por covid-19 voltaram a crescer exponencialmente.&#8221;<\/p>\n\n\n\n<p>A Secretaria da Educa\u00e7\u00e3o da Bahia tamb\u00e9m encaminhou of\u00edcio ao MEC, no fim do ano passado, pedindo o adiamento das provas do Enem para o m\u00eas de maio de 2021. O secret\u00e1rio da Educa\u00e7\u00e3o do Estado, Jer\u00f4nimo Rodrigues, aponta o aumento expressivo das taxas de contamina\u00e7\u00e3o pelo coronav\u00edrus.<\/p>\n\n\n\n<p>Para Rodrigues, n\u00e3o \u00e9 razo\u00e1vel expor milh\u00f5es de alunos ao risco de aglomera\u00e7\u00e3o e contamina\u00e7\u00e3o. Ele tamb\u00e9m destaca a situa\u00e7\u00e3o de desvantagem dos estudantes com menor acesso a equipamentos. Na rede estadual baiana, 67 mil estudantes se inscreveram para fazer o Enem. Como outros Estados do Pa\u00eds, a Bahia tem alta ocupa\u00e7\u00e3o de leitos de UTI.<\/p>\n\n\n\n<p><strong>Medidas sanit\u00e1rias<\/strong><\/p>\n\n\n\n<p>O Inep afirma que a ocupa\u00e7\u00e3o deve ser de, aproximadamente, 50% da capacidade original das salas onde os participantes realizar\u00e3o o exame. Para esta edi\u00e7\u00e3o, devem ser usadas 205 mil salas, em 14 mil pontos de aplica\u00e7\u00e3o. Em 2019, o Enem foi aplicado em 145 mil salas de aplica\u00e7\u00e3o, em cerca de 10 mil locais de prova.<\/p>\n\n\n\n<p>O uso de m\u00e1scaras pelos candidatos ser\u00e1 obrigat\u00f3rio e estudantes com sintomas ou com a covid detectada n\u00e3o devem comparecer ao local de prova e podem solicitar a reaplica\u00e7\u00e3o do exame. &#8220;O participante que estiver acometido pela covid-19 ou que esteja com suspeita de cont\u00e1gio dever\u00e1 fazer a inser\u00e7\u00e3o de documento que comprove a condi\u00e7\u00e3o na P\u00e1gina do Participante&#8221;, explica o Inep.<\/p>\n\n\n\n<p>Segundo o Inep, esse documento pode ser um resultado positivo para coronav\u00edrus, na data de aplica\u00e7\u00e3o das provas; atestado ou relat\u00f3rio m\u00e9dico, conforme previsto nos editais do Enem. O documento ser\u00e1 avaliado e, comprovada sua veracidade, o participante poder\u00e1 participar da reaplica\u00e7\u00e3o do exame, nos dias 23 e 24 de fevereiro de 2021.<\/p>\n\n\n\n<p>Indagado sobre os pedidos de adiamento do Enem, o Inep divulgou v\u00eddeo em que o presidente, Alexandre Lopes, refor\u00e7a a seguran\u00e7a do exame. &#8220;Investimos mais de 69 milh\u00f5es em medidas de seguran\u00e7a relativas a covid&#8221;, diz Lopes.<\/p>\n\n\n\n<p>Segundo ele, haver\u00e1 espa\u00e7amento entre os alunos, menos participantes em cada sala e a identifica\u00e7\u00e3o dos estudantes ser\u00e1 feita do lado de fora. Tamb\u00e9m ser\u00e1 disponibilizado \u00e1lcool em gel para todos os participantes e aplicadores. As salas de aula dever\u00e3o priorizar a ventila\u00e7\u00e3o natural e aera\u00e7\u00e3o dos ambientes.<\/p>\n\n\n\n<p><br><strong>Fonte: Estad\u00e3o Conte\u00fado<\/strong><\/p>\n","protected":false},"excerpt":{"rendered":"<p>Entidades estudantis pedem um novo adiamento do Exame Nacional do Ensino M\u00e9dio (Enem), marcado para os dias 17 e 24 de janeiro de 2021. Realizada em meio \u00e0 pandemia, a prova tem 5,7 milh\u00f5es de inscritos em todo o Pa\u00eds. Segundo os estudantes, n\u00e3o h\u00e1 condi\u00e7\u00f5es seguras para a realiza\u00e7\u00e3o do exame. O Instituto Nacional [&hellip;]<\/p>\n","protected":false},"author":1,"featured_media":17400,"comment_status":"open","ping_status":"open","sticky":false,"template":"","format":"standard","meta":{"beyondwords_generate_audio":"","beyondwords_project_id":"","beyondwords_podcast_id":"","beyondwords_hash":"","beyondwords_error_message":"","beyondwords_disabled":"","publish_post_to_speechkit":"","speechkit_generate_audio":"","speechkit_project_id":"","speechkit_podcast_id":"","speechkit_hash":"","speechkit_error_message":"","speechkit_disabled":"","speechkit_access_key":"","speechkit_error":"","speechkit_info":"","speechkit_response":"","speechkit_retries":"","_speechkit_link":"","_speechkit_text":""},"categories":[134],"tags":[7168,132,5573,1093,122,46,395,2332,5368,508,2407,7169],"jetpack_featured_media_url":"","_links":{"self":[{"href":"https:\/\/pinews.com.br\/index.php\/wp-json\/wp\/v2\/posts\/17399"}],"collection":[{"href":"https:\/\/pinews.com.br\/index.php\/wp-json\/wp\/v2\/posts"}],"about":[{"href":"https:\/\/pinews.com.br\/index.php\/wp-json\/wp\/v2\/types\/post"}],"author":[{"embeddable":true,"href":"https:\/\/pinews.com.br\/index.php\/wp-json\/wp\/v2\/users\/1"}],"replies":[{"embeddable":true,"href":"https:\/\/pinews.com.br\/index.php\/wp-json\/wp\/v2\/comments?post=17399"}],"version-history":[{"count":0,"href":"https:\/\/pinews.com.br\/index.php\/wp-json\/wp\/v2\/posts\/17399\/revisions"}],"wp:featuredmedia":[{"embeddable":true,"href":"https:\/\/pinews.com.br\/index.php\/wp-json\/"}],"wp:attachment":[{"href":"https:\/\/pinews.com.br\/index.php\/wp-json\/wp\/v2\/media?parent=17399"}],"wp:term":[{"taxonomy":"category","embeddable":true,"href":"https:\/\/pinews.com.br\/index.php\/wp-json\/wp\/v2\/categories?post=17399"},{"taxonomy":"post_tag","embeddable":true,"href":"https:\/\/pinews.com.br\/index.php\/wp-json\/wp\/v2\/tags?post=17399"}],"curies":[{"name":"wp","href":"https:\/\/api.w.org\/{rel}","templated":true}]}}