{"id":17453,"date":"2021-01-09T11:13:29","date_gmt":"2021-01-09T14:13:29","guid":{"rendered":"https:\/\/pinews.com.br\/?p=17453"},"modified":"2021-01-09T11:13:29","modified_gmt":"2021-01-09T14:13:29","slug":"apos-forte-chuva-cobertura-desaba-e-causa-estragos-em-estadio-no-piaui","status":"publish","type":"post","link":"https:\/\/pinews.com.br\/index.php\/2021\/01\/09\/apos-forte-chuva-cobertura-desaba-e-causa-estragos-em-estadio-no-piaui\/","title":{"rendered":"Ap\u00f3s forte chuva, cobertura desaba e causa estragos em est\u00e1dio no Piau\u00ed"},"content":{"rendered":"\n<p>A cobertura da Arena Ytacoatiara, em Piripiri, desabou&nbsp;na tarde desta sexta-feira. As placas met\u00e1licas que cobrem o setor das cadeiras e das cabines de r\u00e1dio e TV do est\u00e1dio acabaram arrancadas e ficaram destru\u00eddas pela for\u00e7a dos ventos. Chovia forte em trechos da cidade, ao Norte do Piau\u00ed, durante o acontecimento.&nbsp;N\u00e3o houve feridos.<\/p>\n\n\n\n<p>A cobertura atingiu a fia\u00e7\u00e3o el\u00e9trica do est\u00e1dio e cortou os cabos de energia, al\u00e9m de atingir tamb\u00e9m o pr\u00e9dio da rodovi\u00e1ria da cidade, que fica ao lado do Ytacoatiara. A administra\u00e7\u00e3o do est\u00e1dio solicitou o corte de energia do local e iniciou avalia\u00e7\u00f5es da estrutura. Neste s\u00e1bado, a equipe de engenharia visita a Arena para analisar a situa\u00e7\u00e3o.<\/p>\n\n\n\n<div class=\"wp-block-image\"><figure class=\"aligncenter\"><img decoding=\"async\" src=\"https:\/\/s2.glbimg.com\/nqkYLqE4ifJEi4b5LDZ4UwAWKT4=\/0x0:768x699\/1008x0\/smart\/filters:strip_icc()\/i.s3.glbimg.com\/v1\/AUTH_bc8228b6673f488aa253bbcb03c80ec5\/internal_photos\/bs\/2021\/O\/F\/dGVoDcRA2cH1rAqB4hzw\/whatsapp-image-2021-01-08-at-18.29.54-1-.jpeg\" alt=\"Cobertura da Arena Ytacoatiara, em Piripiri, desaba  \u2014 Foto: Reprodu\u00e7\u00e3o\/redes sociais \"\/><figcaption>Cobertura da Arena Ytacoatiara, em Piripiri, desaba \u2014 Foto: Reprodu\u00e7\u00e3o\/redes sociais<\/figcaption><\/figure><\/div>\n\n\n\n<div class=\"wp-block-image\"><figure class=\"aligncenter\"><img decoding=\"async\" src=\"https:\/\/s2.glbimg.com\/wPeAMF0erOrZYQgydtw9sceeTB8=\/0x0:768x907\/1008x0\/smart\/filters:strip_icc()\/i.s3.glbimg.com\/v1\/AUTH_bc8228b6673f488aa253bbcb03c80ec5\/internal_photos\/bs\/2021\/z\/v\/6cO73KQhirCEe5hj9nRQ\/cobertura2.jpg\" alt=\"Cobertura da Arena Ytacoatiara, em Piripiri, desaba  \u2014 Foto: Reprodu\u00e7\u00e3o\/Rede Social\"\/><figcaption>Cobertura da Arena Ytacoatiara, em Piripiri, desaba \u2014 Foto: Reprodu\u00e7\u00e3o\/Rede Social<\/figcaption><\/figure><\/div>\n\n\n\n<p>O est\u00e1dio \u00e9 a casa do 4 de Julho, atual campe\u00e3o piauiense. O local foi usado pelo clube durante a conquista da ta\u00e7a estadual de 2020, que colocou a equipe na Copa do Brasil, S\u00e9rie D do Brasileiro e Copa do Nordeste deste ano.<\/p>\n\n\n\n<p>Atual secret\u00e1rio de esportes de Piripiri, respons\u00e1vel pela administra\u00e7\u00e3o da Arena Ytacoatiara, Euler Nogueira, relatou que foi ao est\u00e1dio para verificar a situa\u00e7\u00e3o de uma bomba para cuidar do gramado quando se deparou com a destrui\u00e7\u00e3o.<\/p>\n\n\n\n<p>\u2013 A estrutura estava toda no ch\u00e3o. Uma equipe de engenharia come\u00e7a neste fim de semana o trabalho de recupera\u00e7\u00e3o. H\u00e1 uma parte enferrujada, que cedeu. Vai ser feito uma vistoria em toda estrutura do pr\u00e9dio \u2013 disse Nogueira.<\/p>\n\n\n\n<div class=\"wp-block-image\"><figure class=\"aligncenter\"><img decoding=\"async\" src=\"https:\/\/s2.glbimg.com\/nC3L_Zd4KzJmldj81OC6lvf-Lhk=\/0x0:778x1280\/1008x0\/smart\/filters:strip_icc()\/i.s3.glbimg.com\/v1\/AUTH_bc8228b6673f488aa253bbcb03c80ec5\/internal_photos\/bs\/2021\/o\/q\/mgfwggRVKR1qZ9BcYH6Q\/chuva2.jpeg\" alt=\"Cobertura da Arena Ytacoatiara, em Piripiri, desaba  \u2014 Foto: Reprodu\u00e7\u00e3o\/redes sociais \"\/><figcaption>Cobertura da Arena Ytacoatiara, em Piripiri, desaba \u2014 Foto: Reprodu\u00e7\u00e3o\/redes sociais<\/figcaption><\/figure><\/div>\n\n\n\n<div class=\"wp-block-image\"><figure class=\"aligncenter\"><img decoding=\"async\" src=\"https:\/\/s2.glbimg.com\/tx3_-52k_qBdcYmKhX00uN5efW0=\/0x0:829x624\/1008x0\/smart\/filters:strip_icc()\/i.s3.glbimg.com\/v1\/AUTH_bc8228b6673f488aa253bbcb03c80ec5\/internal_photos\/bs\/2021\/R\/c\/Ed6EgdRZ6nUB8jMtc7PA\/chuva.jpeg\" alt=\"Cobertura da Arena Ytacoatiara, em Piripiri, desaba  \u2014 Foto: Reprodu\u00e7\u00e3o\/Redes Sociais \"\/><figcaption>Cobertura da Arena Ytacoatiara, em Piripiri, desaba \u2014 Foto: Reprodu\u00e7\u00e3o\/Redes Sociais<\/figcaption><\/figure><\/div>\n\n\n\n<div class=\"wp-block-image\"><figure class=\"aligncenter\"><img decoding=\"async\" src=\"https:\/\/s2.glbimg.com\/R1cFBorxLBJVTR3FlseBFzbnIYE=\/0x0:829x1149\/1008x0\/smart\/filters:strip_icc()\/i.s3.glbimg.com\/v1\/AUTH_bc8228b6673f488aa253bbcb03c80ec5\/internal_photos\/bs\/2021\/b\/X\/vC3yyQTTClAw6IdjFBXg\/whatsapp-image-2021-01-08-at-18.33.55.jpeg\" alt=\"Cobertura da Arena Ytacoatiara, em Piripiri, desaba  \u2014 Foto: Reprodu\u00e7\u00e3o\/Redes sociais \"\/><figcaption>Cobertura da Arena Ytacoatiara, em Piripiri, desaba \u2014 Foto: Reprodu\u00e7\u00e3o\/Redes sociais<\/figcaption><\/figure><\/div>\n\n\n\n<div class=\"wp-block-image\"><figure class=\"aligncenter\"><img decoding=\"async\" src=\"https:\/\/s2.glbimg.com\/KMFlqSJqapegFyLenjDQ-jF7gjY=\/0x0:960x1280\/1008x0\/smart\/filters:strip_icc()\/i.s3.glbimg.com\/v1\/AUTH_bc8228b6673f488aa253bbcb03c80ec5\/internal_photos\/bs\/2021\/U\/1\/6qldXCSOKaIdV6xU7mOw\/whatsapp-image-2021-01-08-at-19.07.51.jpeg\" alt=\"Cobertura da Arena Ytacoatiara, em Piripiri, desaba  \u2014 Foto: Reprodu\u00e7\u00e3o\/Redes sociais \"\/><figcaption>Cobertura da Arena Ytacoatiara, em Piripiri, desaba \u2014 Foto: Reprodu\u00e7\u00e3o\/Redes sociais<\/figcaption><\/figure><\/div>\n\n\n\n<div class=\"wp-block-image\"><figure class=\"aligncenter\"><img decoding=\"async\" src=\"https:\/\/s2.glbimg.com\/kPvl7sqA4L3faYcWS7NlmhqrfjE=\/0x0:960x1280\/1008x0\/smart\/filters:strip_icc()\/i.s3.glbimg.com\/v1\/AUTH_bc8228b6673f488aa253bbcb03c80ec5\/internal_photos\/bs\/2021\/A\/1\/YKjk1BSTCQg8YyNCGtsQ\/whatsapp-image-2021-01-08-at-19.07.52-1-.jpeg\" alt=\"Est\u00e1dio do 4 de Julho tem estragos ap\u00f3s chuva  \u2014 Foto: Reprodu\u00e7\u00e3o\/Redes Sociais\"\/><figcaption>Est\u00e1dio do 4 de Julho tem estragos ap\u00f3s chuva \u2014 Foto: Reprodu\u00e7\u00e3o\/Redes Sociais<\/figcaption><\/figure><\/div>\n\n\n\n<div class=\"wp-block-image\"><figure class=\"aligncenter\"><img decoding=\"async\" src=\"https:\/\/s2.glbimg.com\/GVd6sc3uRVTL0xmNKUWTjAs3c0U=\/0x0:960x1280\/1008x0\/smart\/filters:strip_icc()\/i.s3.glbimg.com\/v1\/AUTH_bc8228b6673f488aa253bbcb03c80ec5\/internal_photos\/bs\/2021\/V\/n\/2UY0TyRhef1ypq4BBA4Q\/whatsapp-image-2021-01-08-at-19.07.52-2-.jpeg\" alt=\"Estrutura da Arena Ytacoatiara cedeu ap\u00f3s chuva  \u2014 Foto: Reprodu\u00e7\u00e3o\/Redes Sociais \"\/><figcaption>Estrutura da Arena Ytacoatiara cedeu ap\u00f3s chuva \u2014 Foto: Reprodu\u00e7\u00e3o\/Redes Sociais<\/figcaption><\/figure><\/div>\n\n\n\n<div class=\"wp-block-image\"><figure class=\"aligncenter\"><img decoding=\"async\" src=\"https:\/\/s2.glbimg.com\/M6t-UKp_t_4PIGvAe2y-asxPm24=\/0x372:960x1280\/1008x0\/smart\/filters:strip_icc()\/i.s3.glbimg.com\/v1\/AUTH_bc8228b6673f488aa253bbcb03c80ec5\/internal_photos\/bs\/2021\/R\/E\/VlQkOcSjmzK6w4ZY8Uiw\/whatsapp-image-2021-01-08-at-19.07.52-3-.jpeg\" alt=\"Parte da estrutura da Arena Ytacoatiara, em Piripiri, desaba  \u2014 Foto: Reprodu\u00e7\u00e3o\/Redes Sociais \"\/><figcaption>Parte da estrutura da Arena Ytacoatiara, em Piripiri, desaba \u2014 Foto: Reprodu\u00e7\u00e3o\/Redes Sociais<\/figcaption><\/figure><\/div>\n\n\n\n<p>O primeiro jogo do 4 de Julho na Arena Ytacoatiara est\u00e1 marcado para 21 de fevereiro, contra o Fluminense-PI, na abertura do Campeonato Piauiense. Na Copa do Brasil, o Colorado faz a primeira fase em casa por estar no grupo de clubes com piores pontos no ranking da CBF. O clube aguarda a tabela da Copa do Nordeste.<\/p>\n\n\n\n<p><strong>Fonte: G1 PI<\/strong><\/p>\n","protected":false},"excerpt":{"rendered":"<p>A cobertura da Arena Ytacoatiara, em Piripiri, desabou&nbsp;na tarde desta sexta-feira. As placas met\u00e1licas que cobrem o setor das cadeiras e das cabines de r\u00e1dio e TV do est\u00e1dio acabaram arrancadas e ficaram destru\u00eddas pela for\u00e7a dos ventos. Chovia forte em trechos da cidade, ao Norte do Piau\u00ed, durante o acontecimento.&nbsp;N\u00e3o houve feridos. A cobertura [&hellip;]<\/p>\n","protected":false},"author":1,"featured_media":17454,"comment_status":"open","ping_status":"open","sticky":false,"template":"","format":"standard","meta":{"beyondwords_generate_audio":"","beyondwords_project_id":"","beyondwords_podcast_id":"","beyondwords_hash":"","beyondwords_error_message":"","beyondwords_disabled":"","publish_post_to_speechkit":"","speechkit_generate_audio":"","speechkit_project_id":"","speechkit_podcast_id":"","speechkit_hash":"","speechkit_error_message":"","speechkit_disabled":"","speechkit_access_key":"","speechkit_error":"","speechkit_info":"","speechkit_response":"","speechkit_retries":"","_speechkit_link":"","_speechkit_text":""},"categories":[51],"tags":[70,172,43,7179,1654,46,7180,1752,571,52],"jetpack_featured_media_url":"","_links":{"self":[{"href":"https:\/\/pinews.com.br\/index.php\/wp-json\/wp\/v2\/posts\/17453"}],"collection":[{"href":"https:\/\/pinews.com.br\/index.php\/wp-json\/wp\/v2\/posts"}],"about":[{"href":"https:\/\/pinews.com.br\/index.php\/wp-json\/wp\/v2\/types\/post"}],"author":[{"embeddable":true,"href":"https:\/\/pinews.com.br\/index.php\/wp-json\/wp\/v2\/users\/1"}],"replies":[{"embeddable":true,"href":"https:\/\/pinews.com.br\/index.php\/wp-json\/wp\/v2\/comments?post=17453"}],"version-history":[{"count":0,"href":"https:\/\/pinews.com.br\/index.php\/wp-json\/wp\/v2\/posts\/17453\/revisions"}],"wp:featuredmedia":[{"embeddable":true,"href":"https:\/\/pinews.com.br\/index.php\/wp-json\/"}],"wp:attachment":[{"href":"https:\/\/pinews.com.br\/index.php\/wp-json\/wp\/v2\/media?parent=17453"}],"wp:term":[{"taxonomy":"category","embeddable":true,"href":"https:\/\/pinews.com.br\/index.php\/wp-json\/wp\/v2\/categories?post=17453"},{"taxonomy":"post_tag","embeddable":true,"href":"https:\/\/pinews.com.br\/index.php\/wp-json\/wp\/v2\/tags?post=17453"}],"curies":[{"name":"wp","href":"https:\/\/api.w.org\/{rel}","templated":true}]}}