{"id":17457,"date":"2021-01-09T11:16:52","date_gmt":"2021-01-09T14:16:52","guid":{"rendered":"https:\/\/pinews.com.br\/?p=17457"},"modified":"2021-01-09T11:16:52","modified_gmt":"2021-01-09T14:16:52","slug":"dpu-entra-com-acao-na-justica-para-adiar-enem-devido-a-pandemia","status":"publish","type":"post","link":"https:\/\/pinews.com.br\/index.php\/2021\/01\/09\/dpu-entra-com-acao-na-justica-para-adiar-enem-devido-a-pandemia\/","title":{"rendered":"DPU entra com a\u00e7\u00e3o na Justi\u00e7a para adiar Enem devido \u00e0 pandemia"},"content":{"rendered":"\n<p>A Defensoria P\u00fablica da Uni\u00e3o (DPU) entrou com uma a\u00e7\u00e3o na Justi\u00e7a Federal de S\u00e3o Paulo, nesta sexta-feira (8), em que pede o adiamento do Exame Nacional do Ensino M\u00e9dio (Enem), em tutela de urg\u00eancia, marcado para os dias 17 e 24 de janeiro, em fun\u00e7\u00e3o do avan\u00e7o da pandemia no Brasil. Mais de 5,7 milh\u00f5es de candidatos s\u00e3o esperados para as provas.<\/p>\n\n\n\n<p>Segundo a a\u00e7\u00e3o, \u201cn\u00e3o h\u00e1 maneira segura para a realiza\u00e7\u00e3o de um exame com quase seis milh\u00f5es de estudantes neste momento, durante o novo pico de casos da covid-19\u201d. O defensor questiona o impacto de mais um aumento exponencial de contamina\u00e7\u00f5es em decorr\u00eancia do Enem e destaca sistemas de sa\u00fade j\u00e1 colapsados em algumas cidades.<\/p>\n\n\n\n<p>O documento foi encaminhado ao Ju\u00edzo da 12\u00aa Vara C\u00edvel da Subse\u00e7\u00e3o Judici\u00e1ria de S\u00e3o Paulo e tamb\u00e9m cita as desigualdades educacionais ampliadas pelo regime de aulas remotas durante o ano de 2020.<\/p>\n\n\n\n<p>O Instituto Nacional de Estudos e Pesquisas Educacionais (Inep), respons\u00e1vel pela realiza\u00e7\u00e3o da prova, vem afirmando que a data est\u00e1 mantida e que h\u00e1 condi\u00e7\u00f5es seguras de realiza\u00e7\u00e3o do exame.<\/p>\n\n\n\n<p><strong>Fonte: Estad\u00e3o Conte\u00fado<\/strong><\/p>\n","protected":false},"excerpt":{"rendered":"<p>A Defensoria P\u00fablica da Uni\u00e3o (DPU) entrou com uma a\u00e7\u00e3o na Justi\u00e7a Federal de S\u00e3o Paulo, nesta sexta-feira (8), em que pede o adiamento do Exame Nacional do Ensino M\u00e9dio (Enem), em tutela de urg\u00eancia, marcado para os dias 17 e 24 de janeiro, em fun\u00e7\u00e3o do avan\u00e7o da pandemia no Brasil. Mais de 5,7 [&hellip;]<\/p>\n","protected":false},"author":1,"featured_media":13033,"comment_status":"open","ping_status":"open","sticky":false,"template":"","format":"standard","meta":{"beyondwords_generate_audio":"","beyondwords_project_id":"","beyondwords_podcast_id":"","beyondwords_hash":"","beyondwords_error_message":"","beyondwords_disabled":"","publish_post_to_speechkit":"","speechkit_generate_audio":"","speechkit_project_id":"","speechkit_podcast_id":"","speechkit_hash":"","speechkit_error_message":"","speechkit_disabled":"","speechkit_access_key":"","speechkit_error":"","speechkit_info":"","speechkit_response":"","speechkit_retries":"","_speechkit_link":"","_speechkit_text":""},"categories":[134],"tags":[794,5888,7161,6457,7181,395,5465,1097,91,2407,350],"jetpack_featured_media_url":"","_links":{"self":[{"href":"https:\/\/pinews.com.br\/index.php\/wp-json\/wp\/v2\/posts\/17457"}],"collection":[{"href":"https:\/\/pinews.com.br\/index.php\/wp-json\/wp\/v2\/posts"}],"about":[{"href":"https:\/\/pinews.com.br\/index.php\/wp-json\/wp\/v2\/types\/post"}],"author":[{"embeddable":true,"href":"https:\/\/pinews.com.br\/index.php\/wp-json\/wp\/v2\/users\/1"}],"replies":[{"embeddable":true,"href":"https:\/\/pinews.com.br\/index.php\/wp-json\/wp\/v2\/comments?post=17457"}],"version-history":[{"count":0,"href":"https:\/\/pinews.com.br\/index.php\/wp-json\/wp\/v2\/posts\/17457\/revisions"}],"wp:featuredmedia":[{"embeddable":true,"href":"https:\/\/pinews.com.br\/index.php\/wp-json\/"}],"wp:attachment":[{"href":"https:\/\/pinews.com.br\/index.php\/wp-json\/wp\/v2\/media?parent=17457"}],"wp:term":[{"taxonomy":"category","embeddable":true,"href":"https:\/\/pinews.com.br\/index.php\/wp-json\/wp\/v2\/categories?post=17457"},{"taxonomy":"post_tag","embeddable":true,"href":"https:\/\/pinews.com.br\/index.php\/wp-json\/wp\/v2\/tags?post=17457"}],"curies":[{"name":"wp","href":"https:\/\/api.w.org\/{rel}","templated":true}]}}