{"id":17587,"date":"2021-01-13T11:53:58","date_gmt":"2021-01-13T14:53:58","guid":{"rendered":"https:\/\/pinews.com.br\/?p=17587"},"modified":"2021-01-13T11:53:58","modified_gmt":"2021-01-13T14:53:58","slug":"governo-decide-antecipar-13o-de-aposentados-do-inss-e-abono-salarial","status":"publish","type":"post","link":"https:\/\/pinews.com.br\/index.php\/2021\/01\/13\/governo-decide-antecipar-13o-de-aposentados-do-inss-e-abono-salarial\/","title":{"rendered":"Governo decide antecipar 13\u00ba de aposentados do INSS e abono salarial"},"content":{"rendered":"\n<p>Diante do aumento no n\u00famero de casos de Covid-19 neste in\u00edcio de ano, o governo Jair Bolsonaro decidiu antecipar novamente os pagamentos do 13\u00ba de aposentados do INSS e do abono salarial. A medida j\u00e1 havia sido adotada em 2020.<\/p>\n\n\n\n<p>Segundo assessores presidenciais, a inten\u00e7\u00e3o \u00e9 pagar a primeira parcela do 13\u00ba dos aposentados e pensionistas do INSS em fevereiro e a segunda, em mar\u00e7o. O mesmo calend\u00e1rio seria usado no pagamento do abono salarial.<\/p>\n\n\n\n<p>A equipe do ministro da Economia, Paulo Guedes, j\u00e1 providencia a formaliza\u00e7\u00e3o da medida e avalia se realmente ser\u00e1 poss\u00edvel fazer a primeira antecipa\u00e7\u00e3o j\u00e1 no pr\u00f3ximo m\u00eas. A medida n\u00e3o tem custo extra para o governo, porque h\u00e1 verba prevista no Or\u00e7amento de 2021.<\/p>\n\n\n\n<p>\u201cComo houve um recrudescimento da doen\u00e7a, em vez de ficarmos esperando, vamos agir e seguir o mesmo protocolo do ano passado, quando antecipamos o 13\u00ba dos aposentados e o abono salarial. Vamos fazer o mesmo agora, j\u00e1 est\u00e1 decidido, provavelmente em fevereiro e mar\u00e7o\u201d, disse ao blog um assessor presidencial.<\/p>\n\n\n\n<p>Segundo esse assessor, essa antecipa\u00e7\u00e3o vai atender, neste momento, a uma parcela da popula\u00e7\u00e3o que sofre mais diretamente com o coronav\u00edrus, como os idosos.<\/p>\n\n\n\n<p><strong>Aux\u00edlio emergencial<\/strong><\/p>\n\n\n\n<p>Em rela\u00e7\u00e3o ao aux\u00edlio emergencial, a equipe do Minist\u00e9rio da Economia continua avaliando que ainda n\u00e3o \u00e9 caso de estudar a prorroga\u00e7\u00e3o de um novo modelo do benef\u00edcio. A avalia\u00e7\u00e3o \u00e9 que a vacina\u00e7\u00e3o em massa garantir\u00e1 um retorno seguro ao trabalho e permitir\u00e1 uma retomada mais intensa da economia, fazendo com que o aux\u00edlio emergencial n\u00e3o seja mais necess\u00e1rio.<\/p>\n\n\n\n<p>\u201cPor enquanto, no curto prazo, como a contamina\u00e7\u00e3o voltou a apresentar altas, a antecipa\u00e7\u00e3o dos benef\u00edcios para aposentados e do abono salarial j\u00e1 ajuda a fazer uma transi\u00e7\u00e3o at\u00e9 a vacina\u00e7\u00e3o. Com a volta do Congresso, em fevereiro, a\u00ed governo e parlamentares v\u00e3o discutir se vamos aprovar um novo programa social, sempre respeitando o teto dos gastos p\u00fablicos\u201d, afirmou o assessor presidencial.<\/p>\n\n\n\n<p>O governo prepara ainda a volta dos benefici\u00e1rios do Bolsa Fam\u00edlia ao programa. No ano passado, durante o pagamento do aux\u00edlio emergencial, eles passaram a receber o valor deste benef\u00edcio, que foi de R$ 600 numa primeira fase e de R$ 300 numa segunda. Agora, com o fim do aux\u00edlio emergencial, precisam voltar a receber o Bolsa Fam\u00edlia.<\/p>\n\n\n\n<p>No retorno ao programa, o governo planeja um aumento do valor do benef\u00edcio, de R$ 190 para algo na casa de R$ 300. Al\u00e9m de incluir mais cerca de 300 mil fam\u00edlias, algo na casa de um milh\u00e3o de pessoas, ao programa, que hoje j\u00e1 atende 14 milh\u00f5es de fam\u00edlias.<\/p>\n\n\n\n<p><strong>Fonte: Ag\u00eancia Brasil<\/strong><\/p>\n","protected":false},"excerpt":{"rendered":"<p>Diante do aumento no n\u00famero de casos de Covid-19 neste in\u00edcio de ano, o governo Jair Bolsonaro decidiu antecipar novamente os pagamentos do 13\u00ba de aposentados do INSS e do abono salarial. A medida j\u00e1 havia sido adotada em 2020. Segundo assessores presidenciais, a inten\u00e7\u00e3o \u00e9 pagar a primeira parcela do 13\u00ba dos aposentados e [&hellip;]<\/p>\n","protected":false},"author":1,"featured_media":15172,"comment_status":"open","ping_status":"open","sticky":false,"template":"","format":"standard","meta":{"beyondwords_generate_audio":"","beyondwords_project_id":"","beyondwords_podcast_id":"","beyondwords_hash":"","beyondwords_error_message":"","beyondwords_disabled":"","publish_post_to_speechkit":"","speechkit_generate_audio":"","speechkit_project_id":"","speechkit_podcast_id":"","speechkit_hash":"","speechkit_error_message":"","speechkit_disabled":"","speechkit_access_key":"","speechkit_error":"","speechkit_info":"","speechkit_response":"","speechkit_retries":"","_speechkit_link":"","_speechkit_text":""},"categories":[516,134],"tags":[6791,3085,7221,5764,44,5685,458,1138,3086],"jetpack_featured_media_url":"","_links":{"self":[{"href":"https:\/\/pinews.com.br\/index.php\/wp-json\/wp\/v2\/posts\/17587"}],"collection":[{"href":"https:\/\/pinews.com.br\/index.php\/wp-json\/wp\/v2\/posts"}],"about":[{"href":"https:\/\/pinews.com.br\/index.php\/wp-json\/wp\/v2\/types\/post"}],"author":[{"embeddable":true,"href":"https:\/\/pinews.com.br\/index.php\/wp-json\/wp\/v2\/users\/1"}],"replies":[{"embeddable":true,"href":"https:\/\/pinews.com.br\/index.php\/wp-json\/wp\/v2\/comments?post=17587"}],"version-history":[{"count":0,"href":"https:\/\/pinews.com.br\/index.php\/wp-json\/wp\/v2\/posts\/17587\/revisions"}],"wp:featuredmedia":[{"embeddable":true,"href":"https:\/\/pinews.com.br\/index.php\/wp-json\/"}],"wp:attachment":[{"href":"https:\/\/pinews.com.br\/index.php\/wp-json\/wp\/v2\/media?parent=17587"}],"wp:term":[{"taxonomy":"category","embeddable":true,"href":"https:\/\/pinews.com.br\/index.php\/wp-json\/wp\/v2\/categories?post=17587"},{"taxonomy":"post_tag","embeddable":true,"href":"https:\/\/pinews.com.br\/index.php\/wp-json\/wp\/v2\/tags?post=17587"}],"curies":[{"name":"wp","href":"https:\/\/api.w.org\/{rel}","templated":true}]}}