{"id":17604,"date":"2021-01-13T19:34:37","date_gmt":"2021-01-13T22:34:37","guid":{"rendered":"https:\/\/pinews.com.br\/?p=17604"},"modified":"2021-01-13T19:34:37","modified_gmt":"2021-01-13T22:34:37","slug":"piaui-quer-vacinar-187-mil-pessoas-contra-a-covid-nos-proximos-tres-meses-governo-inicia-entrega-de-seringas","status":"publish","type":"post","link":"https:\/\/pinews.com.br\/index.php\/2021\/01\/13\/piaui-quer-vacinar-187-mil-pessoas-contra-a-covid-nos-proximos-tres-meses-governo-inicia-entrega-de-seringas\/","title":{"rendered":"Piau\u00ed quer vacinar 187 mil pessoas contra a Covid nos pr\u00f3ximos tr\u00eas meses; governo inicia entrega de seringas"},"content":{"rendered":"\n<p>A Secretaria Estadual de Sa\u00fade (Sesapi) confirmou nesta quarta-feira (13) que o governo quer vacinar 187 mil 085 piauienses contra a Covid-19. Os grupos priorit\u00e1rios s\u00e3o os trabalhadores da sa\u00fade, pessoas com mais de 80 anos e popula\u00e7\u00e3o entre 75 e 79 anos.<\/p>\n\n\n\n<p>A Sesapi informou ainda que iniciar\u00e1 a distribui\u00e7\u00e3o de mais de 200 mil seringas e agulhas, que ser\u00e3o utilizadas na primeira fase da vacina\u00e7\u00e3o contra o novo coronav\u00edrus.<\/p>\n\n\n\n<p>A entrega do material ser\u00e1 feita de acordo com as etapas de vacina\u00e7\u00e3o. \u201cAt\u00e9 s\u00e1bado (16) vamos entregar as seringas e agulhas, da primeira etapa, nas dezesseis centrais de frios espalhadas pelo Piau\u00ed. Nosso intuito \u00e9 deixar toda rede pronta para a chegada da vacina\u201d, afirma o superintendente de Aten\u00e7\u00e3o Prim\u00e1ria \u00e0 Sa\u00fade e Munic\u00edpios, Herlon Guimar\u00e3es.<\/p>\n\n\n\n<p>As seringas e agulhadas ser\u00e3o entregues em todos os territ\u00f3rios de sa\u00fade e ficar\u00e1 a cargo das Regionais de Sa\u00fade a entrega aos munic\u00edpios. \u201cAssim que chegar na rede de frios cada cidade pegar\u00e1 seu lote de acordo com o seu p\u00fablico alvo, algo que j\u00e1 acontece com outras campanhas de vacina\u00e7\u00e3o. Todos os nossos munic\u00edpios j\u00e1 estar\u00e3o com seus insumos garantidos para que no momento em que a vacina chegar ao nosso estado, fa\u00e7amos apenas a entrega delas, para que assim possamos fazer de forma c\u00e9lere a imuniza\u00e7\u00e3o de cada cidad\u00e3o do p\u00fablico alvo\u201d, lembra o superintendente.<\/p>\n\n\n\n<p><strong>Vacina\u00e7\u00e3o&nbsp;<\/strong><\/p>\n\n\n\n<p>\u201cEstamos diariamente em contato com o Minist\u00e9rio da Sa\u00fade e atualizando nosso plano de vacina\u00e7\u00e3o, para que a&nbsp; medida que as vacinas sejam liberadas, em nosso pa\u00eds, possamos atender as demandas da popula\u00e7\u00e3o\u201d, destaca o superintendente.<\/p>\n\n\n\n<p>O Governo do Piau\u00ed tem a expectativa de come\u00e7ar a vacina\u00e7\u00e3o ainda nos primeiros meses de 2021, assim que os imunizantes forem liberadas pela Ag\u00eancia Nacional de Vigil\u00e2ncia Sanit\u00e1ria (Anvisa).<\/p>\n\n\n\n<p>\u201cAt\u00e9 o dia 20 de janeiro \u00e9 poss\u00edvel \u00e0 autoriza\u00e7\u00e3o da vacina no Brasil. Como j\u00e1 tem vacinas no pa\u00eds, contrato de compra e plano nacional de imuniza\u00e7\u00e3o, eu creio que cinco dias ap\u00f3s a autoriza\u00e7\u00e3o possamos come\u00e7ar a vacinar em todo o Brasil, garantindo a distribui\u00e7\u00e3o e qualifica\u00e7\u00e3o. Acredito que na pr\u00f3xima semana teremos uma data definida para o in\u00edcio da vacina\u00e7\u00e3o e um cronograma para imuniza\u00e7\u00e3o do povo brasileiro\u201d, disse o governador Wellington Dias.<\/p>\n\n\n\n<figure class=\"wp-block-image\"><img decoding=\"async\" src=\"https:\/\/cidadeverde.com\/assets\/uploads\/noticias\/b501379eb927bb4ddb1f84890c586b42.jpg\" alt=\"\"\/><figcaption>Foto: Reprodu\u00e7\u00e3o<\/figcaption><\/figure>\n\n\n\n<p>Para ter acesso \u00e0 vacina o cidad\u00e3o, que faz parte do p\u00fablico alvo de cada etapa, precisar\u00e1 do seu cart\u00e3o de vacina e aqueles que n\u00e3o possuem o cart\u00e3o n\u00e3o precisam se preocupar, basta se apresentar com um documento de identifica\u00e7\u00e3o nos postos de vacina\u00e7\u00e3o e receber seu imunizante.<\/p>\n\n\n\n<p>\u201cPedimos que a popula\u00e7\u00e3o procure os postos de sa\u00fade, quando a vacina estiver dispon\u00edvel, que o p\u00fablico fa\u00e7a a vacina, para que possamos diminuir a transmissibilidade do v\u00edrus e assim retomar nossa normalidade\u201d, enfatiza Herlon Guimar\u00e3es.<\/p>\n\n\n\n<figure class=\"wp-block-image\"><img decoding=\"async\" src=\"https:\/\/cidadeverde.com\/assets\/uploads\/noticias\/4c736933edc31be4bafab715d056a195.jpg\" alt=\"\"\/><figcaption>Foto: Reprodu\u00e7\u00e3o<\/figcaption><\/figure>\n\n\n\n<p><strong>Rede de Frios&nbsp;<\/strong><\/p>\n\n\n\n<p>A Sesapi j\u00e1 vem desde o in\u00edcio da pandemia preparando sua rede de frios para o recebimento dos imunobiol\u00f3gicos, que ajudar\u00e3o na imuniza\u00e7\u00e3o contra o coronav\u00edrus. \u201cN\u00f3s temos uma rede de frios que abastece todos os 224 munic\u00edpios piauienses. S\u00e3o&nbsp; 16 centrais espalhadas por todos os territ\u00f3rios, que realizam um trabalham em todas as campanhas de imuniza\u00e7\u00e3o. O Brasil \u00e9 um pa\u00eds de refer\u00eancia quando o assunto \u00e9 vacina\u00e7\u00e3o\u201d, destaca o superintendente.<\/p>\n\n\n\n<p><strong>Fonte: Cidade Verde\/ Com informa\u00e7\u00f5es da Sesapi<\/strong><\/p>\n","protected":false},"excerpt":{"rendered":"<p>A Secretaria Estadual de Sa\u00fade (Sesapi) confirmou nesta quarta-feira (13) que o governo quer vacinar 187 mil 085 piauienses contra a Covid-19. Os grupos priorit\u00e1rios s\u00e3o os trabalhadores da sa\u00fade, pessoas com mais de 80 anos e popula\u00e7\u00e3o entre 75 e 79 anos. A Sesapi informou ainda que iniciar\u00e1 a distribui\u00e7\u00e3o de mais de 200 [&hellip;]<\/p>\n","protected":false},"author":1,"featured_media":17605,"comment_status":"open","ping_status":"open","sticky":false,"template":"","format":"standard","meta":{"beyondwords_generate_audio":"","beyondwords_project_id":"","beyondwords_podcast_id":"","beyondwords_hash":"","beyondwords_error_message":"","beyondwords_disabled":"","publish_post_to_speechkit":"","speechkit_generate_audio":"","speechkit_project_id":"","speechkit_podcast_id":"","speechkit_hash":"","speechkit_error_message":"","speechkit_disabled":"","speechkit_access_key":"","speechkit_error":"","speechkit_info":"","speechkit_response":"","speechkit_retries":"","_speechkit_link":"","_speechkit_text":""},"categories":[51,1288],"tags":[7232,294,2406,44,2502,458,5790,118,109,5749,259,52,7233,5887,7234,239,6763],"jetpack_featured_media_url":"","_links":{"self":[{"href":"https:\/\/pinews.com.br\/index.php\/wp-json\/wp\/v2\/posts\/17604"}],"collection":[{"href":"https:\/\/pinews.com.br\/index.php\/wp-json\/wp\/v2\/posts"}],"about":[{"href":"https:\/\/pinews.com.br\/index.php\/wp-json\/wp\/v2\/types\/post"}],"author":[{"embeddable":true,"href":"https:\/\/pinews.com.br\/index.php\/wp-json\/wp\/v2\/users\/1"}],"replies":[{"embeddable":true,"href":"https:\/\/pinews.com.br\/index.php\/wp-json\/wp\/v2\/comments?post=17604"}],"version-history":[{"count":0,"href":"https:\/\/pinews.com.br\/index.php\/wp-json\/wp\/v2\/posts\/17604\/revisions"}],"wp:featuredmedia":[{"embeddable":true,"href":"https:\/\/pinews.com.br\/index.php\/wp-json\/"}],"wp:attachment":[{"href":"https:\/\/pinews.com.br\/index.php\/wp-json\/wp\/v2\/media?parent=17604"}],"wp:term":[{"taxonomy":"category","embeddable":true,"href":"https:\/\/pinews.com.br\/index.php\/wp-json\/wp\/v2\/categories?post=17604"},{"taxonomy":"post_tag","embeddable":true,"href":"https:\/\/pinews.com.br\/index.php\/wp-json\/wp\/v2\/tags?post=17604"}],"curies":[{"name":"wp","href":"https:\/\/api.w.org\/{rel}","templated":true}]}}