{"id":17610,"date":"2021-01-14T10:47:10","date_gmt":"2021-01-14T13:47:10","guid":{"rendered":"https:\/\/pinews.com.br\/?p=17610"},"modified":"2021-01-14T10:47:10","modified_gmt":"2021-01-14T13:47:10","slug":"jovem-desaparece-ao-desembarcar-no-aeroporto-de-teresina-e-familia-faz-apelo","status":"publish","type":"post","link":"https:\/\/pinews.com.br\/index.php\/2021\/01\/14\/jovem-desaparece-ao-desembarcar-no-aeroporto-de-teresina-e-familia-faz-apelo\/","title":{"rendered":"Jovem desaparece ao desembarcar no Aeroporto de Teresina e fam\u00edlia faz apelo"},"content":{"rendered":"\n<p>Um jovem identificado como Roberto Cristian Fittipaldi, de 28 anos, desapareceu na noite da \u00faltima sexta-feira, ao desembarcar no Aeroporto Senador Petr\u00f4nio Portella, em Teresina. Ele saiu do Rio de Janeiro, cidade onde mora a m\u00e3e, com destino a capital piauiense, mas assim que desceu do avi\u00e3o, n\u00e3o foi mais visto e n\u00e3o apareceu na resid\u00eancia do irm\u00e3o localizada no bairro Lourival Parente, na zona Sul de Teresina.<\/p>\n\n\n\n<p>A fam\u00edlia entrou em contato com a reportagem da Rede Meio Norte e pediu ajuda para conseguir mais informa\u00e7\u00f5es a respeito do paradeiro do jovem.<\/p>\n\n\n\n<p>\u201cEle saiu do Rio de Janeiro com destino a Teresina, fez uma conex\u00e3o em Bras\u00edlia, deve ter chegado ao Aeroporto daqui por volta de 23h40. Eu moro em Lu\u00eds Correia, entrei em contato com a m\u00e3e dele, que est\u00e1 no Rio de Janeiro e perguntei se ela tinha alguma not\u00edcia dele chegando aqui na capital e ela me disse que n\u00e3o, que ele n\u00e3o tinha chegado \u00e0 casa do irm\u00e3o. Imediatamente entrei em contato com a tia dele l\u00e1 em Bertol\u00ednia e n\u00f3s resolvemos vir na segunda-feira para Teresina para procur\u00e1-lo, ficamos todos esses dias procurando ele e nenhum sinal\u201d, afirmou o pai de Roberto.<\/p>\n\n\n\n<p>Familiares alegam j\u00e1 terem ouvido v\u00e1rias suposi\u00e7\u00f5es, dentre elas, que ele pode ter sido v\u00edtima de um sequestro. \u201cN\u00f3s n\u00e3o temos noticias concretas, mas ele saiu do Rio de Janeiro com duas bolsas, bem vestido e n\u00e3o chegou ao seu destino que era a casa do irm\u00e3o no Lourival Parente, s\u00f3 existem suposi\u00e7\u00f5es, mas ningu\u00e9m tem nada certo. A gente quer que algu\u00e9m nos ajude a encontr\u00e1-lo, ate agora ele n\u00e3o deu nenhuma noticia, vamos pedir a Deus que ele apare\u00e7a\u201d, disse.<\/p>\n\n\n\n<p>Segundo a tia de Roberto, um advogado foi acionado pela fam\u00edlia para conseguir as imagens do Aeroporto de Teresina. \u201cA gente vai com um advogado no Aeroporto para ver as imagens de quando ele chegou. Ele \u00e9 um menino tranquilo, carinhoso, n\u00e3o tem nenhum problema\u201d, declarou.<\/p>\n\n\n\n<div class=\"wp-block-image\"><figure class=\"aligncenter\"><img decoding=\"async\" src=\"https:\/\/static.meionorte.com\/uploads\/imagens\/2021\/1\/14\/2ec30b54-dc7a-4efc-904a-aee5862a223f-508bd9b0-f19f-4dd7-94c5-8010e8fd9d30.jpg\" alt=\"\"\/><figcaption>Tia e pai de Roberto pedem ajuda para encontr\u00e1-lo \u2013 Foto: Rede Meio Norte<\/figcaption><\/figure><\/div>\n\n\n\n<figure class=\"wp-block-embed-youtube wp-block-embed is-type-video is-provider-youtube wp-embed-aspect-16-9 wp-has-aspect-ratio\"><div class=\"wp-block-embed__wrapper\">\n<iframe loading=\"lazy\" title=\"Jovem desaparece ao desembarcar no Aeroporto de Teresina e fam\u00edlia faz apelo | Bom Dia MN\" width=\"1170\" height=\"658\" src=\"https:\/\/www.youtube.com\/embed\/5Fgq8--FTa4?feature=oembed\" frameborder=\"0\" allow=\"accelerometer; autoplay; clipboard-write; encrypted-media; gyroscope; picture-in-picture; web-share\" allowfullscreen><\/iframe>\n<\/div><\/figure>\n\n\n\n<p><strong>Fonte: Meio Norte<\/strong><\/p>\n","protected":false},"excerpt":{"rendered":"<p>Um jovem identificado como Roberto Cristian Fittipaldi, de 28 anos, desapareceu na noite da \u00faltima sexta-feira, ao desembarcar no Aeroporto Senador Petr\u00f4nio Portella, em Teresina. Ele saiu do Rio de Janeiro, cidade onde mora a m\u00e3e, com destino a capital piauiense, mas assim que desceu do avi\u00e3o, n\u00e3o foi mais visto e n\u00e3o apareceu na [&hellip;]<\/p>\n","protected":false},"author":1,"featured_media":17611,"comment_status":"open","ping_status":"open","sticky":false,"template":"","format":"standard","meta":{"beyondwords_generate_audio":"","beyondwords_project_id":"","beyondwords_podcast_id":"","beyondwords_hash":"","beyondwords_error_message":"","beyondwords_disabled":"","publish_post_to_speechkit":"","speechkit_generate_audio":"","speechkit_project_id":"","speechkit_podcast_id":"","speechkit_hash":"","speechkit_error_message":"","speechkit_disabled":"","speechkit_access_key":"","speechkit_error":"","speechkit_info":"","speechkit_response":"","speechkit_retries":"","_speechkit_link":"","_speechkit_text":""},"categories":[134],"tags":[2292,132,961,44,1630,7235,244,963,266,187],"jetpack_featured_media_url":"","_links":{"self":[{"href":"https:\/\/pinews.com.br\/index.php\/wp-json\/wp\/v2\/posts\/17610"}],"collection":[{"href":"https:\/\/pinews.com.br\/index.php\/wp-json\/wp\/v2\/posts"}],"about":[{"href":"https:\/\/pinews.com.br\/index.php\/wp-json\/wp\/v2\/types\/post"}],"author":[{"embeddable":true,"href":"https:\/\/pinews.com.br\/index.php\/wp-json\/wp\/v2\/users\/1"}],"replies":[{"embeddable":true,"href":"https:\/\/pinews.com.br\/index.php\/wp-json\/wp\/v2\/comments?post=17610"}],"version-history":[{"count":0,"href":"https:\/\/pinews.com.br\/index.php\/wp-json\/wp\/v2\/posts\/17610\/revisions"}],"wp:featuredmedia":[{"embeddable":true,"href":"https:\/\/pinews.com.br\/index.php\/wp-json\/"}],"wp:attachment":[{"href":"https:\/\/pinews.com.br\/index.php\/wp-json\/wp\/v2\/media?parent=17610"}],"wp:term":[{"taxonomy":"category","embeddable":true,"href":"https:\/\/pinews.com.br\/index.php\/wp-json\/wp\/v2\/categories?post=17610"},{"taxonomy":"post_tag","embeddable":true,"href":"https:\/\/pinews.com.br\/index.php\/wp-json\/wp\/v2\/tags?post=17610"}],"curies":[{"name":"wp","href":"https:\/\/api.w.org\/{rel}","templated":true}]}}