{"id":17619,"date":"2021-01-14T10:55:58","date_gmt":"2021-01-14T13:55:58","guid":{"rendered":"https:\/\/pinews.com.br\/?p=17619"},"modified":"2021-01-14T10:55:58","modified_gmt":"2021-01-14T13:55:58","slug":"jovem-de-16-anos-vem-a-obito-apos-sofrer-infarto-durante-caminhada-em-picos","status":"publish","type":"post","link":"https:\/\/pinews.com.br\/index.php\/2021\/01\/14\/jovem-de-16-anos-vem-a-obito-apos-sofrer-infarto-durante-caminhada-em-picos\/","title":{"rendered":"Jovem de 16 anos vem a \u00f3bito ap\u00f3s sofrer infarto durante caminhada em Picos"},"content":{"rendered":"\n<p>Um triste fato ocorrido nesta quarta-feira (13) comoveu a cidade de Picos. A jovem de 16 anos, Camille Vit\u00f3ria Vasconcelos, veio a \u00f3bito ap\u00f3s sofrer um infarto enquanto realizava caminhada na Avenida Beira Rio, em Picos.<\/p>\n\n\n\n<p>Segundo informa\u00e7\u00f5es de amigos da fam\u00edlia,&nbsp;Camille Vit\u00f3ria praticava a atividade f\u00edsica na companhia da m\u00e3e. Por volta de 17h30, a jovem&nbsp;passou mal. Populares acionaram o Servi\u00e7o de Atendimento M\u00f3vel de Urg\u00eancia (SAMU).<\/p>\n\n\n\n<p>A equipe do SAMU ao chegar ao local conseguiu socorrer a jovem ainda com vida,&nbsp;por\u00e9m ao chegar ao Hospital Regional Justino Luz j\u00e1 estava sem os sinais vitais. Os m\u00e9dicos&nbsp;tentaram reanim\u00e1-la,&nbsp;a tentativa foi sem sucesso.&nbsp;<\/p>\n\n\n\n<p>O lamentav\u00e9l epis\u00f3dio comoveu a popula\u00e7\u00e3o de Picos. Diversas mensagens foram compartilhadas nas redes sociais virtuais lamentando a partida prematura de Camille Vit\u00f3ria.<\/p>\n\n\n\n<p><strong>Fonte: Folha Atual<\/strong><\/p>\n","protected":false},"excerpt":{"rendered":"<p>Um triste fato ocorrido nesta quarta-feira (13) comoveu a cidade de Picos. A jovem de 16 anos, Camille Vit\u00f3ria Vasconcelos, veio a \u00f3bito ap\u00f3s sofrer um infarto enquanto realizava caminhada na Avenida Beira Rio, em Picos. Segundo informa\u00e7\u00f5es de amigos da fam\u00edlia,&nbsp;Camille Vit\u00f3ria praticava a atividade f\u00edsica na companhia da m\u00e3e. Por volta de 17h30, [&hellip;]<\/p>\n","protected":false},"author":1,"featured_media":17620,"comment_status":"open","ping_status":"open","sticky":false,"template":"","format":"standard","meta":{"beyondwords_generate_audio":"","beyondwords_project_id":"","beyondwords_podcast_id":"","beyondwords_hash":"","beyondwords_error_message":"","beyondwords_disabled":"","publish_post_to_speechkit":"","speechkit_generate_audio":"","speechkit_project_id":"","speechkit_podcast_id":"","speechkit_hash":"","speechkit_error_message":"","speechkit_disabled":"","speechkit_access_key":"","speechkit_error":"","speechkit_info":"","speechkit_response":"","speechkit_retries":"","_speechkit_link":"","_speechkit_text":""},"categories":[51,126],"tags":[175,82,70,7239,44,45,46,284,266,7240,125,354,6649],"jetpack_featured_media_url":"","_links":{"self":[{"href":"https:\/\/pinews.com.br\/index.php\/wp-json\/wp\/v2\/posts\/17619"}],"collection":[{"href":"https:\/\/pinews.com.br\/index.php\/wp-json\/wp\/v2\/posts"}],"about":[{"href":"https:\/\/pinews.com.br\/index.php\/wp-json\/wp\/v2\/types\/post"}],"author":[{"embeddable":true,"href":"https:\/\/pinews.com.br\/index.php\/wp-json\/wp\/v2\/users\/1"}],"replies":[{"embeddable":true,"href":"https:\/\/pinews.com.br\/index.php\/wp-json\/wp\/v2\/comments?post=17619"}],"version-history":[{"count":0,"href":"https:\/\/pinews.com.br\/index.php\/wp-json\/wp\/v2\/posts\/17619\/revisions"}],"wp:featuredmedia":[{"embeddable":true,"href":"https:\/\/pinews.com.br\/index.php\/wp-json\/"}],"wp:attachment":[{"href":"https:\/\/pinews.com.br\/index.php\/wp-json\/wp\/v2\/media?parent=17619"}],"wp:term":[{"taxonomy":"category","embeddable":true,"href":"https:\/\/pinews.com.br\/index.php\/wp-json\/wp\/v2\/categories?post=17619"},{"taxonomy":"post_tag","embeddable":true,"href":"https:\/\/pinews.com.br\/index.php\/wp-json\/wp\/v2\/tags?post=17619"}],"curies":[{"name":"wp","href":"https:\/\/api.w.org\/{rel}","templated":true}]}}