{"id":17631,"date":"2021-01-14T19:40:49","date_gmt":"2021-01-14T22:40:49","guid":{"rendered":"https:\/\/pinews.com.br\/?p=17631"},"modified":"2021-01-14T19:40:49","modified_gmt":"2021-01-14T22:40:49","slug":"com-rede-em-colapso-amazonas-transfere-235-pacientes-com-covid-para-seis-estados-30-para-o-piaui","status":"publish","type":"post","link":"https:\/\/pinews.com.br\/index.php\/2021\/01\/14\/com-rede-em-colapso-amazonas-transfere-235-pacientes-com-covid-para-seis-estados-30-para-o-piaui\/","title":{"rendered":"Com rede em colapso, Amazonas transfere 235 pacientes com Covid para seis estados; 30 para o Piau\u00ed"},"content":{"rendered":"\n<p>Com a rede de atendimento em colapso e sem oxig\u00eanio para tratamento da covid-19, o Amazonas ter\u00e1 de transferir parte dos seus pacientes a outros Estados. Segundo o governo local, no primeiro momento, 235 pacientes ser\u00e3o enviados a hospitais do Maranh\u00e3o, Piau\u00ed, Rio Grande do Norte, Goi\u00e1s e Distrito Federal.<\/p>\n\n\n\n<p>O Piau\u00ed vai receber 30 pacientes que ir\u00e3o ser atendidos no Hospital Universit\u00e1rio da Ufpi (Universidade Federal do Piau\u00ed). A previs\u00e3o \u00e9 que eles cheguem no avi\u00e3o da FAB (For\u00e7a A\u00e9rea Brasileira) por volta da meia-noite. <\/p>\n\n\n\n<p>H\u00e1 estimativa de que at\u00e9 750 pessoas tenham de deixar Manaus para serem atendidas em outros locais. Mais cedo, em entrevista \u00e0 imprensa, o governador Wilson Lima (PSC) afirmou que o Amazonas vive &#8220;o momento mais cr\u00edtico da pandemia, algo sem precedente&#8221;. No ano passado, as redes de sa\u00fade e funer\u00e1ria do Estado j\u00e1 colapsaram.<\/p>\n\n\n\n<p>A crise se agravou nos \u00faltimos dias pela falta de oxig\u00eanio em unidades de sa\u00fade. H\u00e1 ainda variante do novo coronav\u00edrus circulando no Estado.<\/p>\n\n\n\n<p>O secret\u00e1rio de Sa\u00fade do Amazonas, Marcellus Camp\u00ealo, disse \u00e0 imprensa que o consumo di\u00e1rio de oxig\u00eanio teve um pico de 30 mil metros c\u00fabicos em 2020. Neste m\u00eas, o pico de consumo foi de 70 mil metros c\u00fabicos num s\u00f3 dia.<\/p>\n\n\n\n<p>O governo federal ir\u00e1 apoiar a transfer\u00eancia dos pacientes, em avi\u00f5es militares. O secret\u00e1rio nacional de Aten\u00e7\u00e3o Especializada em Sa\u00fade, Franco Duarte, disse que ser\u00e3o transferidos pacientes com quadros &#8220;moderados&#8221;, que exigem uso de oxig\u00eanio, mas t\u00eam ainda condi\u00e7\u00f5es de serem transportados.<\/p>\n\n\n\n<p>Em nota, o governo do Amazonas afirma que, na noite de quarta-feira, 13, &#8220;a empresa fornecedora da maior parte dos gases medicinais \u00e0 rede p\u00fablica estadual oficializou &#8216;dificuldades em rela\u00e7\u00e3o \u00e0 execu\u00e7\u00e3o do plano log\u00edstico para a entrega de insumos e a alta demanda que vinha ocorrendo&#8217; na rede p\u00fablica de sa\u00fade&#8221;.<\/p>\n\n\n\n<p><strong>Mortes por asfixia<\/strong><\/p>\n\n\n\n<p>Com a nova explos\u00e3o de casos de covid no Amazonas, o estoque de oxig\u00eanio acabou em v\u00e1rios hospitais de Manaus nesta quinta-feira, 14, levando pacientes internados \u00e0 morte por asfixia, segundo relatos de m\u00e9dicos que trabalham na capital amazonense.<\/p>\n\n\n\n<p>O Hospital Universit\u00e1rio Get\u00falio Vargas, ligado \u00e0 Universidade Federal do Amazonas (UFAM), ficou cerca de quatro horas sem o insumo na manh\u00e3 desta quinta, o que gerou desespero entre os profissionais, segundo relatou ao jornal O Estado de S. Paulo uma m\u00e9dica da unidade, que n\u00e3o quis de identificar.<\/p>\n\n\n\n<p>O n\u00famero de sepultamentos em Manaus quintuplicou em um m\u00eas, segundo dados divulgados pela prefeitura. Na quarta-feira, 198 enterros ocorreram na capital, dos quais 87 tinham confirma\u00e7\u00e3o para covid-19 e sete eram de casos suspeitos. Em 13 de dezembro foram 36 \u00f3bitos, seis com resultado positivo para o v\u00edrus. Isto representa um aumento de 450%.<\/p>\n\n\n\n<p><strong>Pazuello esteve em Manaus<\/strong><\/p>\n\n\n\n<p>O ministro da Sa\u00fade, Eduardo Pazuello, deixou Manaus na quarta-feira em meio \u00e0 crise pela covid-19. Na cidade que vive novo colapso, o general apresentou como solu\u00e7\u00e3o o tratamento precoce, que, no vocabul\u00e1rio do governo federal, significa o uso de medicamentos sem efic\u00e1cia comprovada, como a cloroquina e a ivermectina.<\/p>\n\n\n\n<p>&#8220;A medica\u00e7\u00e3o pode e deve come\u00e7ar antes desses exames complementares (de diagn\u00f3stico). Caso o exame l\u00e1 na frente der negativo, reduz a medica\u00e7\u00e3o e t\u00e1 \u00f3timo. N\u00e3o vai matar ningu\u00e9m&#8221;, disse Pazuello em discurso feito na segunda-feira, 11.<\/p>\n\n\n\n<p>O ministro ainda lan\u00e7ou o TrateCOV, aplicativo usado por m\u00e9dicos para diagnosticar a covid-19 que tamb\u00e9m estimula o uso destes f\u00e1rmacos n\u00e3o indicados para a covid-19. Mais de 340 profissionais de sa\u00fade de Manaus foram habilitados para usar o aplicativo.<\/p>\n\n\n\n<p>Na mesma data, uma equipe de secret\u00e1rios de Pazuello, refor\u00e7ada por m\u00e9dicos entusiastas do tratamento precoce que viajaram ao Estado, fez visitas a unidades de sa\u00fade da capital. Al\u00e9m de escutar sobre a crise na cidade, o grupo deu orienta\u00e7\u00f5es sobre a suposta evid\u00eancia de benef\u00edcios do &#8220;tratamento precoce&#8221;, segundo apurou o jornal O Estado de S. Paulo.<\/p>\n\n\n\n<p>Dias antes do p\u00e9riplo pelas unidades de sa\u00fade em Manaus, a secret\u00e1ria nacional Gest\u00e3o do Trabalho e da Educa\u00e7\u00e3o na Sa\u00fade, Mayra Pinheiro, avisou ao munic\u00edpio que as visitas serviriam para estimular ado\u00e7\u00e3o do &#8220;tratamento precoce&#8221;.<\/p>\n\n\n\n<p>Em of\u00edcio enviado \u00e0 Secretaria de Sa\u00fade local, Pinheiro ainda escreveu que seria &#8220;inadmiss\u00edvel&#8221; Manaus n\u00e3o prescrever antivirais sem efic\u00e1cia comprovada.<\/p>\n\n\n\n<p>Sem citar qualquer prova, o presidente Jair Bolsonaro disse que a crise de sa\u00fade em Manaus deve-se \u00e0 falta do &#8220;tratamento precoce&#8221;. Bolsonaro desestimula a ado\u00e7\u00e3o de medidas eficazes contra a pandemia, como uso de m\u00e1scara e distanciamento social.<\/p>\n\n\n\n<p>&#8220;N\u00e3o faziam tratamento precoce. Aumentou assustadoramente o n\u00famero de mortes. Mortes por asfixia, porque n\u00e3o tinha oxig\u00eanio. O governo estadual e municipal deixou acabar oxig\u00eanio&#8221;, disse o presidente a apoiadores na ter\u00e7a-feira.<\/p>\n\n\n\n<p>Grupos no Amazonas chegaram a protestar e pressionar o governo a recuar do fechamento do com\u00e9rcio, no fim de dezembro. &#8220;Muita gente acabou relaxando, pensando que estava tudo &#8216;ok&#8217;. Mas o clima agora \u00e9 diferente. N\u00e3o h\u00e1 clima para novas manifesta\u00e7\u00f5es&#8221;, disse o governador Wilson Lima ao jornal O Estado de S. Paulo na \u00faltima semana.<\/p>\n\n\n\n<p><br><strong>Fonte: Estad\u00e3o Conte\u00fado<\/strong><\/p>\n","protected":false},"excerpt":{"rendered":"<p>Com a rede de atendimento em colapso e sem oxig\u00eanio para tratamento da covid-19, o Amazonas ter\u00e1 de transferir parte dos seus pacientes a outros Estados. Segundo o governo local, no primeiro momento, 235 pacientes ser\u00e3o enviados a hospitais do Maranh\u00e3o, Piau\u00ed, Rio Grande do Norte, Goi\u00e1s e Distrito Federal. O Piau\u00ed vai receber 30 [&hellip;]<\/p>\n","protected":false},"author":1,"featured_media":17632,"comment_status":"open","ping_status":"open","sticky":false,"template":"","format":"standard","meta":{"beyondwords_generate_audio":"","beyondwords_project_id":"","beyondwords_podcast_id":"","beyondwords_hash":"","beyondwords_error_message":"","beyondwords_disabled":"","publish_post_to_speechkit":"","speechkit_generate_audio":"","speechkit_project_id":"","speechkit_podcast_id":"","speechkit_hash":"","speechkit_error_message":"","speechkit_disabled":"","speechkit_access_key":"","speechkit_error":"","speechkit_info":"","speechkit_response":"","speechkit_retries":"","_speechkit_link":"","_speechkit_text":""},"categories":[134],"tags":[1053,780,7243,7244,2406,46,1271,1964,350,52,985,676,7245],"jetpack_featured_media_url":"","_links":{"self":[{"href":"https:\/\/pinews.com.br\/index.php\/wp-json\/wp\/v2\/posts\/17631"}],"collection":[{"href":"https:\/\/pinews.com.br\/index.php\/wp-json\/wp\/v2\/posts"}],"about":[{"href":"https:\/\/pinews.com.br\/index.php\/wp-json\/wp\/v2\/types\/post"}],"author":[{"embeddable":true,"href":"https:\/\/pinews.com.br\/index.php\/wp-json\/wp\/v2\/users\/1"}],"replies":[{"embeddable":true,"href":"https:\/\/pinews.com.br\/index.php\/wp-json\/wp\/v2\/comments?post=17631"}],"version-history":[{"count":0,"href":"https:\/\/pinews.com.br\/index.php\/wp-json\/wp\/v2\/posts\/17631\/revisions"}],"wp:featuredmedia":[{"embeddable":true,"href":"https:\/\/pinews.com.br\/index.php\/wp-json\/"}],"wp:attachment":[{"href":"https:\/\/pinews.com.br\/index.php\/wp-json\/wp\/v2\/media?parent=17631"}],"wp:term":[{"taxonomy":"category","embeddable":true,"href":"https:\/\/pinews.com.br\/index.php\/wp-json\/wp\/v2\/categories?post=17631"},{"taxonomy":"post_tag","embeddable":true,"href":"https:\/\/pinews.com.br\/index.php\/wp-json\/wp\/v2\/tags?post=17631"}],"curies":[{"name":"wp","href":"https:\/\/api.w.org\/{rel}","templated":true}]}}