{"id":17639,"date":"2021-01-15T11:16:06","date_gmt":"2021-01-15T14:16:06","guid":{"rendered":"https:\/\/pinews.com.br\/?p=17639"},"modified":"2021-01-15T11:16:06","modified_gmt":"2021-01-15T14:16:06","slug":"presos-conseguem-fugir-de-delegacia-apos-serrarem-barras-de-cela-no-piaui","status":"publish","type":"post","link":"https:\/\/pinews.com.br\/index.php\/2021\/01\/15\/presos-conseguem-fugir-de-delegacia-apos-serrarem-barras-de-cela-no-piaui\/","title":{"rendered":"Presos conseguem fugir de delegacia ap\u00f3s serrarem barras de cela no Piau\u00ed"},"content":{"rendered":"\n<p>Dois presos fugiram da 13\u00aa Delegacia Regional de Pol\u00edcia Civil de Esperantina na madrugada desta quinta-feira (14\/01), ap\u00f3s usarem uma serra para romper as grades da cela em que estavam detidos.<\/p>\n\n\n\n<p>A fuga s\u00f3 foi percebida logo pela manh\u00e3 quando os policiais estavam retirando outros presos para transfer\u00eancia para o sistema prisional. Os fugitivos foram identificados como \u201cPaulim\u201d e \u201cRafael Zar\u00f4e\u201c. Eles tamb\u00e9m seriam transferidos para o pres\u00eddio na quinta.<\/p>\n\n\n\n<p>De acordo com a Pol\u00edcia Militar, eles foram presos recentemente, acusados da pr\u00e1tica de assalto \u00e0 m\u00e3o armada e usam de bastante agressividade contra as v\u00edtimas.<\/p>\n\n\n\n<p>A serra utilizada para romper as grades teria entrado na delegacia atrav\u00e9s da namorada de um dos presos que foi deixar um lanche para o detento na noite anterior. Ela \u00e9 menor de idade e o Conselho Tutelar foi acionado para auxiliar na ocorr\u00eancia.<\/p>\n\n\n\n<p>A Pol\u00edcia Militar informa para quem tiver informa\u00e7\u00f5es dos fugitivos, ligar atrav\u00e9s do n\u00famero: (86) 98858-1332. Guarni\u00e7\u00f5es da For\u00e7a T\u00e1tica da Pol\u00edcia Militar seguem em dilig\u00eancias na regi\u00e3o afim de recapturar os foragidos.<\/p>\n\n\n\n<p><strong>Fonte: Revista AZ<\/strong><\/p>\n","protected":false},"excerpt":{"rendered":"<p>Dois presos fugiram da 13\u00aa Delegacia Regional de Pol\u00edcia Civil de Esperantina na madrugada desta quinta-feira (14\/01), ap\u00f3s usarem uma serra para romper as grades da cela em que estavam detidos. A fuga s\u00f3 foi percebida logo pela manh\u00e3 quando os policiais estavam retirando outros presos para transfer\u00eancia para o sistema prisional. Os fugitivos foram [&hellip;]<\/p>\n","protected":false},"author":1,"featured_media":17640,"comment_status":"open","ping_status":"open","sticky":false,"template":"","format":"standard","meta":{"beyondwords_generate_audio":"","beyondwords_project_id":"","beyondwords_podcast_id":"","beyondwords_hash":"","beyondwords_error_message":"","beyondwords_disabled":"","publish_post_to_speechkit":"","speechkit_generate_audio":"","speechkit_project_id":"","speechkit_podcast_id":"","speechkit_hash":"","speechkit_error_message":"","speechkit_disabled":"","speechkit_access_key":"","speechkit_error":"","speechkit_info":"","speechkit_response":"","speechkit_retries":"","_speechkit_link":"","_speechkit_text":""},"categories":[51,78],"tags":[70,1481,1671,7248,44,1088,73,52,600,7249],"jetpack_featured_media_url":"","_links":{"self":[{"href":"https:\/\/pinews.com.br\/index.php\/wp-json\/wp\/v2\/posts\/17639"}],"collection":[{"href":"https:\/\/pinews.com.br\/index.php\/wp-json\/wp\/v2\/posts"}],"about":[{"href":"https:\/\/pinews.com.br\/index.php\/wp-json\/wp\/v2\/types\/post"}],"author":[{"embeddable":true,"href":"https:\/\/pinews.com.br\/index.php\/wp-json\/wp\/v2\/users\/1"}],"replies":[{"embeddable":true,"href":"https:\/\/pinews.com.br\/index.php\/wp-json\/wp\/v2\/comments?post=17639"}],"version-history":[{"count":0,"href":"https:\/\/pinews.com.br\/index.php\/wp-json\/wp\/v2\/posts\/17639\/revisions"}],"wp:featuredmedia":[{"embeddable":true,"href":"https:\/\/pinews.com.br\/index.php\/wp-json\/"}],"wp:attachment":[{"href":"https:\/\/pinews.com.br\/index.php\/wp-json\/wp\/v2\/media?parent=17639"}],"wp:term":[{"taxonomy":"category","embeddable":true,"href":"https:\/\/pinews.com.br\/index.php\/wp-json\/wp\/v2\/categories?post=17639"},{"taxonomy":"post_tag","embeddable":true,"href":"https:\/\/pinews.com.br\/index.php\/wp-json\/wp\/v2\/tags?post=17639"}],"curies":[{"name":"wp","href":"https:\/\/api.w.org\/{rel}","templated":true}]}}