{"id":1764,"date":"2019-10-23T18:24:26","date_gmt":"2019-10-23T21:24:26","guid":{"rendered":"https:\/\/pinews.com.br\/?p=1764"},"modified":"2019-10-23T18:24:26","modified_gmt":"2019-10-23T21:24:26","slug":"idoso-de-83-anos-morre-atingido-por-raio-durante-temporal-na-zona-rural-de-jaicos","status":"publish","type":"post","link":"https:\/\/pinews.com.br\/index.php\/2019\/10\/23\/idoso-de-83-anos-morre-atingido-por-raio-durante-temporal-na-zona-rural-de-jaicos\/","title":{"rendered":"Idoso de 83 anos morre atingido por raio durante temporal na zona rural de Jaic\u00f3s"},"content":{"rendered":"\n<p>Por <strong>Reda\u00e7\u00e3o PI News<\/strong> &#8211; 23 de outubro de 2019<\/p>\n\n\n\n<p style=\"text-align:justify\">Um idoso de 83 anos morreu ap\u00f3s ser atingido por um raio durante temporal na tarde dessa ter\u00e7a-feira (23), na localidade Baix\u00e3o, zona rural de Jaic\u00f3s, Sul do Piau\u00ed. Segundo a pol\u00edcia, a v\u00edtima estava na porta de casa com uma lanterna quando sofreu a descarga el\u00e9trica.<\/p>\n\n\n\n<p style=\"text-align:justify\">Jo\u00e3o Jos\u00e9 Veloso teve morte imediata. O Servi\u00e7o M\u00f3vel de Urg\u00eancia (Samu) foi acionado, mas o idoso estava sem vida.<\/p>\n\n\n\n<p style=\"text-align:justify\">Um segunda pessoa tamb\u00e9m foi atingida por um raio, desta vez na localidade Jo\u00e3o Tubi, que fica 8 km de onde aconteceu o primeiro caso. A v\u00edtima Eva Joana de Paiva, 47 anos, sobreviveu e foi encaminhada para o Hospital Justino Luz, em Picos.<\/p>\n\n\n\n<p style=\"text-align:justify\">Eva segue em observa\u00e7\u00e3o no hospital, onde aguarda o resultado de uma tomografia. Ela est\u00e1 consciente e reclama de fortes dores de cabe\u00e7a.<\/p>\n\n\n\n<p style=\"text-align:justify\">Moradores contaram que a chuva em Jaicos durou cerca de uma hora e foi acompanhada de v\u00e1rios raios e fortes ventos. <\/p>\n\n\n\n<p><strong>Fonte: G1 PI<\/strong> <\/p>\n","protected":false},"excerpt":{"rendered":"<p>Por Reda\u00e7\u00e3o PI News &#8211; 23 de outubro de 2019 Um idoso de 83 anos morreu ap\u00f3s ser atingido por um raio durante temporal na tarde dessa ter\u00e7a-feira (23), na localidade Baix\u00e3o, zona rural de Jaic\u00f3s, Sul do Piau\u00ed. Segundo a pol\u00edcia, a v\u00edtima estava na porta de casa com uma lanterna quando sofreu a [&hellip;]<\/p>\n","protected":false},"author":1,"featured_media":1765,"comment_status":"open","ping_status":"open","sticky":false,"template":"","format":"standard","meta":{"beyondwords_generate_audio":"","beyondwords_project_id":"","beyondwords_podcast_id":"","beyondwords_hash":"","beyondwords_error_message":"","beyondwords_disabled":"","publish_post_to_speechkit":"","speechkit_generate_audio":"","speechkit_project_id":"","speechkit_podcast_id":"","speechkit_hash":"","speechkit_error_message":"","speechkit_disabled":"","speechkit_access_key":"","speechkit_error":"","speechkit_info":"","speechkit_response":"","speechkit_retries":"","_speechkit_link":"","_speechkit_text":""},"categories":[1184,264,51],"tags":[64,265,53],"jetpack_featured_media_url":"","_links":{"self":[{"href":"https:\/\/pinews.com.br\/index.php\/wp-json\/wp\/v2\/posts\/1764"}],"collection":[{"href":"https:\/\/pinews.com.br\/index.php\/wp-json\/wp\/v2\/posts"}],"about":[{"href":"https:\/\/pinews.com.br\/index.php\/wp-json\/wp\/v2\/types\/post"}],"author":[{"embeddable":true,"href":"https:\/\/pinews.com.br\/index.php\/wp-json\/wp\/v2\/users\/1"}],"replies":[{"embeddable":true,"href":"https:\/\/pinews.com.br\/index.php\/wp-json\/wp\/v2\/comments?post=1764"}],"version-history":[{"count":0,"href":"https:\/\/pinews.com.br\/index.php\/wp-json\/wp\/v2\/posts\/1764\/revisions"}],"wp:featuredmedia":[{"embeddable":true,"href":"https:\/\/pinews.com.br\/index.php\/wp-json\/"}],"wp:attachment":[{"href":"https:\/\/pinews.com.br\/index.php\/wp-json\/wp\/v2\/media?parent=1764"}],"wp:term":[{"taxonomy":"category","embeddable":true,"href":"https:\/\/pinews.com.br\/index.php\/wp-json\/wp\/v2\/categories?post=1764"},{"taxonomy":"post_tag","embeddable":true,"href":"https:\/\/pinews.com.br\/index.php\/wp-json\/wp\/v2\/tags?post=1764"}],"curies":[{"name":"wp","href":"https:\/\/api.w.org\/{rel}","templated":true}]}}