{"id":17678,"date":"2021-01-16T11:14:11","date_gmt":"2021-01-16T14:14:11","guid":{"rendered":"https:\/\/pinews.com.br\/?p=17678"},"modified":"2021-01-16T11:14:11","modified_gmt":"2021-01-16T14:14:11","slug":"ministerio-publico-entra-em-acao-para-impedir-previas-carnavalescas-privadas-em-teresina","status":"publish","type":"post","link":"https:\/\/pinews.com.br\/index.php\/2021\/01\/16\/ministerio-publico-entra-em-acao-para-impedir-previas-carnavalescas-privadas-em-teresina\/","title":{"rendered":"Minist\u00e9rio P\u00fablico entra em a\u00e7\u00e3o para impedir pr\u00e9vias carnavalescas privadas em Teresina"},"content":{"rendered":"\n<p>O Minist\u00e9rio P\u00fablico do Piau\u00ed (MP-PI) ingressou com a\u00e7\u00e3o civil p\u00fablica, nesta sexta-feira (15), solicitando ao Tribunal de Justi\u00e7a (TJ-PI) que impe\u00e7a a realiza\u00e7\u00e3o de pr\u00e9vias carnavalescas privadas em Teresina. No processo, o \u00f3rg\u00e3o citou a Funda\u00e7\u00e3o Municipal de Sa\u00fade (FMS), a Prefeitura e seis empresas do setor de eventos.<\/p>\n\n\n\n<p>De acordo com o MP, o&nbsp;objetivo \u00e9 evitar aglomera\u00e7\u00f5es e a dissemina\u00e7\u00e3o da Covid-19. O promotor de justi\u00e7a Eny Marcos Vieira Pontes, autor da a\u00e7\u00e3o, disse que observou intensa atividade de empresas do setor de eventos divulgando pr\u00e9vias de carnaval.<\/p>\n\n\n\n<p>&#8220;O Minist\u00e9rio P\u00fablico tomou conhecimento que existem diversas pr\u00e9vias carnavalescas previstas para acontecer em janeiro de 2021, inclusive com eventos previstos para iniciar na sexta-feira dia 15 de janeiro de 2021\u201d, declarou o promotor na a\u00e7\u00e3o.<\/p>\n\n\n\n<p>Segundo Eny Pontes, analisando o conte\u00fado das divulga\u00e7\u00f5es, foi poss\u00edvel perceber que os an\u00fancios t\u00eam &#8220;claros ind\u00edcios&#8221; de que pretendem recepcionar um grande p\u00fablico, provocando aglomera\u00e7\u00f5es.<\/p>\n\n\n\n<p>Outro fato observado, de acordo com o promotor, \u00e9 que as produtoras n\u00e3o estariam adotando medidas para evitar a dissemina\u00e7\u00e3o do v\u00edrus. &#8220;N\u00e3o informam nenhuma medida a serem adotada&#8221;, declarou.<\/p>\n\n\n\n<p>&#8220;Se limitam a reproduzir, nas fotos, flyers e banners dos eventos, que o uso de m\u00e1scaras \u00e9 obrigat\u00f3rio, que haver\u00e1 p\u00fablico limitado e que os protocolos da OMS [Organiza\u00e7\u00e3o Mundial de Sa\u00fade] ser\u00e3o seguidos&#8221;, completou.<\/p>\n\n\n\n<p>Na a\u00e7\u00e3o, o promotor pede que sejam anuladas a realiza\u00e7\u00e3o de shows e festas em locais fechados e\/ou com grande p\u00fablico. Caso a liminar seja concedida pela Justi\u00e7a, a multa di\u00e1ria sugerida pelo MP por descumprimento \u00e9 R$ 50 mil por empresa.<\/p>\n\n\n\n<p><strong>Fonte: G1 PI<\/strong><\/p>\n","protected":false},"excerpt":{"rendered":"<p>O Minist\u00e9rio P\u00fablico do Piau\u00ed (MP-PI) ingressou com a\u00e7\u00e3o civil p\u00fablica, nesta sexta-feira (15), solicitando ao Tribunal de Justi\u00e7a (TJ-PI) que impe\u00e7a a realiza\u00e7\u00e3o de pr\u00e9vias carnavalescas privadas em Teresina. No processo, o \u00f3rg\u00e3o citou a Funda\u00e7\u00e3o Municipal de Sa\u00fade (FMS), a Prefeitura e seis empresas do setor de eventos. De acordo com o MP, [&hellip;]<\/p>\n","protected":false},"author":1,"featured_media":17679,"comment_status":"open","ping_status":"open","sticky":false,"template":"","format":"standard","meta":{"beyondwords_generate_audio":"","beyondwords_project_id":"","beyondwords_podcast_id":"","beyondwords_hash":"","beyondwords_error_message":"","beyondwords_disabled":"","publish_post_to_speechkit":"","speechkit_generate_audio":"","speechkit_project_id":"","speechkit_podcast_id":"","speechkit_hash":"","speechkit_error_message":"","speechkit_disabled":"","speechkit_access_key":"","speechkit_error":"","speechkit_info":"","speechkit_response":"","speechkit_retries":"","_speechkit_link":"","_speechkit_text":""},"categories":[51,81],"tags":[5888,7259,46,5465,7260,2649,350,7261,7262,6034,187],"jetpack_featured_media_url":"","_links":{"self":[{"href":"https:\/\/pinews.com.br\/index.php\/wp-json\/wp\/v2\/posts\/17678"}],"collection":[{"href":"https:\/\/pinews.com.br\/index.php\/wp-json\/wp\/v2\/posts"}],"about":[{"href":"https:\/\/pinews.com.br\/index.php\/wp-json\/wp\/v2\/types\/post"}],"author":[{"embeddable":true,"href":"https:\/\/pinews.com.br\/index.php\/wp-json\/wp\/v2\/users\/1"}],"replies":[{"embeddable":true,"href":"https:\/\/pinews.com.br\/index.php\/wp-json\/wp\/v2\/comments?post=17678"}],"version-history":[{"count":0,"href":"https:\/\/pinews.com.br\/index.php\/wp-json\/wp\/v2\/posts\/17678\/revisions"}],"wp:featuredmedia":[{"embeddable":true,"href":"https:\/\/pinews.com.br\/index.php\/wp-json\/"}],"wp:attachment":[{"href":"https:\/\/pinews.com.br\/index.php\/wp-json\/wp\/v2\/media?parent=17678"}],"wp:term":[{"taxonomy":"category","embeddable":true,"href":"https:\/\/pinews.com.br\/index.php\/wp-json\/wp\/v2\/categories?post=17678"},{"taxonomy":"post_tag","embeddable":true,"href":"https:\/\/pinews.com.br\/index.php\/wp-json\/wp\/v2\/tags?post=17678"}],"curies":[{"name":"wp","href":"https:\/\/api.w.org\/{rel}","templated":true}]}}