{"id":17758,"date":"2021-01-18T18:59:16","date_gmt":"2021-01-18T21:59:16","guid":{"rendered":"https:\/\/pinews.com.br\/?p=17758"},"modified":"2021-01-18T18:59:16","modified_gmt":"2021-01-18T21:59:16","slug":"motorista-morre-apos-perder-controle-e-capotar-caminhao-na-br-135-sul-do-piaui","status":"publish","type":"post","link":"https:\/\/pinews.com.br\/index.php\/2021\/01\/18\/motorista-morre-apos-perder-controle-e-capotar-caminhao-na-br-135-sul-do-piaui\/","title":{"rendered":"Motorista morre ap\u00f3s perder controle e capotar caminh\u00e3o na BR-135, sul do Piau\u00ed"},"content":{"rendered":"\n<p>Um caminh\u00e3o carregado de barras de alum\u00ednio capotou na manh\u00e3 deste domingo (17), enquanto trafegava pela rodovia BR-135, pr\u00f3ximo ao povoado Paraim, no munic\u00edpio de Corrente, regi\u00e3o sul do Piau\u00ed.<\/p>\n\n\n\n<p>De acordo com informa\u00e7\u00f5es da Pol\u00edcia Militar, o motorista conduzia o ve\u00edculo de carga quando perdeu o controle, desceu a ribanceira \u00e0s margens da rodovia em alta velocidade e capotou. O ve\u00edculo ficou parcialmente destru\u00eddo.<\/p>\n\n\n\n<p>Ap\u00f3s o acidente, o Servi\u00e7o de Atendimento M\u00f3vel de Urg\u00eancia \u2013 SAMU e a Pol\u00edcia Militar foram acionados e estiveram no local, onde constataram que o motorista do ve\u00edculo, que n\u00e3o teve a identidade revelada, morreu devido a gravidade dos ferimentos sofridos durante o acidente.<\/p>\n\n\n\n<p>As barras de alum\u00ednio que estavam sendo transportadas pelo ve\u00edculo se soltaram da carroceria e se espalharam na regi\u00e3o de mata \u00e0s margens da rodovia.<\/p>\n\n\n\n<p>A Pol\u00edcia Rodovi\u00e1ria Federal tamb\u00e9m esteve no local para realiza\u00e7\u00e3o dos procedimentos cab\u00edveis.<\/p>\n\n\n\n<div class=\"wp-block-image\"><figure class=\"aligncenter\"><img decoding=\"async\" src=\"https:\/\/static.meionorte.com\/uploads\/imagens\/2021\/1\/18\/acdcf0f4-31ce-45fb-ad45-be5f62c7e92a-c60671a7-28b0-467e-ba67-3a06224e9bb2.jpg\" alt=\"\"\/><figcaption>Foto: Reprodu\u00e7\u00e3o<\/figcaption><\/figure><\/div>\n\n\n\n<div class=\"wp-block-image\"><figure class=\"aligncenter\"><img decoding=\"async\" src=\"https:\/\/static.meionorte.com\/uploads\/imagens\/2021\/1\/18\/c8fbc6e3-4146-4e69-b8b5-16fa8d398609-00ccee63-7d55-4307-9f77-fe008626c56c.jpg\" alt=\"\"\/><figcaption>Foto: Reprodu\u00e7\u00e3o<\/figcaption><\/figure><\/div>\n\n\n\n<p><strong>Fonte: Meio Norte<\/strong><\/p>\n","protected":false},"excerpt":{"rendered":"<p>Um caminh\u00e3o carregado de barras de alum\u00ednio capotou na manh\u00e3 deste domingo (17), enquanto trafegava pela rodovia BR-135, pr\u00f3ximo ao povoado Paraim, no munic\u00edpio de Corrente, regi\u00e3o sul do Piau\u00ed. De acordo com informa\u00e7\u00f5es da Pol\u00edcia Militar, o motorista conduzia o ve\u00edculo de carga quando perdeu o controle, desceu a ribanceira \u00e0s margens da rodovia [&hellip;]<\/p>\n","protected":false},"author":1,"featured_media":17759,"comment_status":"open","ping_status":"open","sticky":false,"template":"","format":"standard","meta":{"beyondwords_generate_audio":"","beyondwords_project_id":"","beyondwords_podcast_id":"","beyondwords_hash":"","beyondwords_error_message":"","beyondwords_disabled":"","publish_post_to_speechkit":"","speechkit_generate_audio":"","speechkit_project_id":"","speechkit_podcast_id":"","speechkit_hash":"","speechkit_error_message":"","speechkit_disabled":"","speechkit_access_key":"","speechkit_error":"","speechkit_info":"","speechkit_response":"","speechkit_retries":"","_speechkit_link":"","_speechkit_text":""},"categories":[51],"tags":[70,224,188,939,730,119,58,91,5797,52,120],"jetpack_featured_media_url":"","_links":{"self":[{"href":"https:\/\/pinews.com.br\/index.php\/wp-json\/wp\/v2\/posts\/17758"}],"collection":[{"href":"https:\/\/pinews.com.br\/index.php\/wp-json\/wp\/v2\/posts"}],"about":[{"href":"https:\/\/pinews.com.br\/index.php\/wp-json\/wp\/v2\/types\/post"}],"author":[{"embeddable":true,"href":"https:\/\/pinews.com.br\/index.php\/wp-json\/wp\/v2\/users\/1"}],"replies":[{"embeddable":true,"href":"https:\/\/pinews.com.br\/index.php\/wp-json\/wp\/v2\/comments?post=17758"}],"version-history":[{"count":0,"href":"https:\/\/pinews.com.br\/index.php\/wp-json\/wp\/v2\/posts\/17758\/revisions"}],"wp:featuredmedia":[{"embeddable":true,"href":"https:\/\/pinews.com.br\/index.php\/wp-json\/"}],"wp:attachment":[{"href":"https:\/\/pinews.com.br\/index.php\/wp-json\/wp\/v2\/media?parent=17758"}],"wp:term":[{"taxonomy":"category","embeddable":true,"href":"https:\/\/pinews.com.br\/index.php\/wp-json\/wp\/v2\/categories?post=17758"},{"taxonomy":"post_tag","embeddable":true,"href":"https:\/\/pinews.com.br\/index.php\/wp-json\/wp\/v2\/tags?post=17758"}],"curies":[{"name":"wp","href":"https:\/\/api.w.org\/{rel}","templated":true}]}}