{"id":17764,"date":"2021-01-18T19:08:23","date_gmt":"2021-01-18T22:08:23","guid":{"rendered":"https:\/\/pinews.com.br\/?p=17764"},"modified":"2021-01-18T19:08:23","modified_gmt":"2021-01-18T22:08:23","slug":"medico-obstetra-de-75-anos-e-o-primeiro-a-receber-vacina-contra-covid-19-no-piaui","status":"publish","type":"post","link":"https:\/\/pinews.com.br\/index.php\/2021\/01\/18\/medico-obstetra-de-75-anos-e-o-primeiro-a-receber-vacina-contra-covid-19-no-piaui\/","title":{"rendered":"M\u00e9dico obstetra de 75 anos \u00e9 o primeiro a receber vacina contra Covid-19 no Piau\u00ed"},"content":{"rendered":"\n<p>O m\u00e9dico obstetra Joaquim Vaz Parente, de 75 anos, foi o primeiro piauiense a ser vacinado contra a Covid-19 na tarde desta segunda-feia (18). O profissional, que atua h\u00e1 45 anos na da Maternidade Dona Evangelina Rosa, j\u00e1 realizou em torno de 20 mil partos durante sua carreira e fez o terceiro parto da hist\u00f3ria da MDER.<\/p>\n\n\n\n<blockquote class=\"wp-block-quote\"><p>&#8220;Depois de uma estrada sinuosa, permeada de momentos de escurid\u00e3o, com uma certa atenua\u00e7\u00e3o, mas nunca sem que se conseguisse enxergar alguma luz. Esse momento pode ser coroado com o aparecimento desta luz no fim do t\u00fanel, que para n\u00f3s pode representar o primeiro processo de estagna\u00e7\u00e3o, a primeira barreira a ser erguida contra esta pandemia que tanto tem assolado o mundo, o Brasil e o nosso Piau\u00ed&#8221;, declarou o m\u00e9dico ap\u00f3s a vacina\u00e7\u00e3o.<\/p><\/blockquote>\n\n\n\n<p>A imuniza\u00e7\u00e3o teve in\u00edcio \u00e0s 17 horas desta segunda, no p\u00e1tio da Secretaria de Estado da Sa\u00fade (Sesapi). Durante a cerim\u00f4nia foram imunizados seis profissionais de sa\u00fade, cinco deles trabalham em unidades hospitalares que comp\u00f5em a rede estadual e uma \u00e9 servidora da Funda\u00e7\u00e3o Municipal de Sa\u00fade (FMS) de Teresina.<\/p>\n\n\n\n<p>Os profissionais atuam no Instituto de Doen\u00e7as Tropicais Natan Portella; Hospital Get\u00falio Vargas; Hospital da Pol\u00edcia Militar; Hospital Infantil Luc\u00eddio Portella e Maternidade Dona Evangelina Rosa.<\/p>\n\n\n\n<figure class=\"wp-block-image\"><img decoding=\"async\" src=\"https:\/\/s2.glbimg.com\/_250-ERLD9PgrqoMQ0pPu_V7FiM=\/0x0:1014x521\/984x0\/smart\/filters:strip_icc()\/i.s3.glbimg.com\/v1\/AUTH_59edd422c0c84a879bd37670ae4f538a\/internal_photos\/bs\/2021\/E\/B\/NsSUVxSUCILASP5XOsgA\/segundaaa.jpg\" alt=\"T\u00e9cnica em enfermagem Modestina da Silva foi a segunda vacinada \u2014 Foto: Reprodu\u00e7\u00e3o\/YouTube Governo do Piau\u00ed\"\/><figcaption>T\u00e9cnica em enfermagem Modestina da Silva foi a segunda vacinada \u2014 Foto: Reprodu\u00e7\u00e3o\/YouTube Governo do Piau\u00ed<\/figcaption><\/figure>\n\n\n\n<p>A t\u00e9cnica em enfermagem Modestina Bezerra da Silva, de 60 anos, que atualmente trabalha na UTI Covid-19 do Hospital Infantil Luc\u00eddio Portella, onde ela atua h\u00e1 35 anos, foi a segunda a receber o imunizante.<\/p>\n\n\n\n<p>A terceira a receber imuniza\u00e7\u00e3o foi a enfermeira Ana Maria Brito dos Santos, de 52 anos, da ala Covid-19 do Hospital da Pol\u00edcia Militar. Ela atua h\u00e1 26 anos na profiss\u00e3o. A quarta vacinada foi a t\u00e9cnica em enfermagem Marta Regina de Sousa Madeira, de 42 anos, funcion\u00e1ria do Hospital Get\u00falio Vargas.<\/p>\n\n\n\n<p>Foram imunizadas ainda a enfermeira Sheyla Barbosa dos Santos de 33 anos, que atua na UTI Covid-19 do Hospital Natan Portella, e foi respons\u00e1vel por receber o primeiro paciente com o v\u00edrus na unidade de sa\u00fade, e a diretora de Vigil\u00e2ncia em Sa\u00fade da FMS, Amariles Borba, de 77 anos.<\/p>\n\n\n\n<h2>Primeiras doses<\/h2>\n\n\n\n<figure class=\"wp-block-image\"><img decoding=\"async\" src=\"https:\/\/s2.glbimg.com\/RG3twmVgbDfdyjGONJJH4LHlgRs=\/0x0:1061x803\/984x0\/smart\/filters:strip_icc()\/i.s3.glbimg.com\/v1\/AUTH_59edd422c0c84a879bd37670ae4f538a\/internal_photos\/bs\/2021\/m\/b\/yWpw4YReqBG7VzmID1nw\/whatsapp-image-2021-01-18-at-16.10.02.jpeg\" alt=\"Doses de vacina contra Covid-19 no Piau\u00ed \u2014 Foto: Divulga\u00e7\u00e3o\/Sesapi\"\/><figcaption>Doses de vacina contra Covid-19 no Piau\u00ed \u2014 Foto: Divulga\u00e7\u00e3o\/Sesapi<\/figcaption><\/figure>\n\n\n\n<p>As primeiras doses da CoronaVac, vacina do Instituto Butantan feita em parceria com o laborat\u00f3rio chin\u00eas Sinovac, chegaram ao Piau\u00ed na tarde desta segunda. O avi\u00e3o que transportava os imunizantes pousou no Aeroporto Senador Petr\u00f4nio Portella, na Zona Norte de Teresina, por volta das 14h30.<\/p>\n\n\n\n<p>De acordo com o governo do estado, foram enviadas pelo Minist\u00e9rio da Sa\u00fade 61.160 doses da vacina CoronaVac. Destas, 28.651 mil doses ser\u00e3o para profissionais da sa\u00fade, 10 para pessoas com defici\u00eancia institucionalizadas, 460 doses para pessoas com mais de 60 anos institucionalizadas e 21 para ind\u00edgenas vivendo em terras demarcadas.<\/p>\n\n\n\n<p>Segundo a Sesapi, o quantitativo engloba tanto a primeira e a segunda dose da vacina para os grupos previstos na primeira fase de vacina\u00e7\u00e3o do estado do Piau\u00ed.<\/p>\n\n\n\n<h2>&#8216;Linha de frente&#8217; ter\u00e1 prioridade<\/h2>\n\n\n\n<figure class=\"wp-block-image\"><img decoding=\"async\" src=\"https:\/\/s2.glbimg.com\/m4UXdX4oyUI09WpLMJLnbDp5cYo=\/0x0:3150x2100\/984x0\/smart\/filters:strip_icc()\/i.s3.glbimg.com\/v1\/AUTH_59edd422c0c84a879bd37670ae4f538a\/internal_photos\/bs\/2021\/T\/A\/DrSSJBSXC27Sa1X3jwYQ\/ap20363351708324.jpg\" alt=\"Frasco com dose de vacina contra a Covid \u00e9 exibido na B\u00e9lgica \u2014 Foto: AP Photo\/Francisco Seco, Pool\"\/><figcaption>Frasco com dose de vacina contra a Covid \u00e9 exibido na B\u00e9lgica \u2014 Foto: AP Photo\/Francisco Seco, Pool<\/figcaption><\/figure>\n\n\n\n<p>Os primeiros a serem vacinados nesta primeira fase ser\u00e3o os&nbsp;grupos priorit\u00e1rios: profissionais de sa\u00fade, pessoas idosas em abrigo e pessoas com defici\u00eancia que moram em abrigos.<\/p>\n\n\n\n<p>A Secretaria de Estado da Sa\u00fade informou que&nbsp;as cerca de 60 mil doses n\u00e3o ser\u00e3o suficientes&nbsp;para vacinar todos os profissionais de sa\u00fade e, ent\u00e3o, ser\u00e3o&nbsp;priorizados profissionais que est\u00e3o na linha de frente&nbsp;de combate \u00e0 Covid.<\/p>\n\n\n\n<p>No total, apenas 34% dos profissionais de sa\u00fade devem ser vacinados com essas 60 mil doses e, com essa quantidade, os profissionais definidos como priorit\u00e1rios&nbsp;receber\u00e3o as duas doses. Assim, cerca de 30 mil pessoas devem ser imunizadas.<\/p>\n\n\n\n<p>Conforme mais doses forem enviadas ao estado, mais pessoas ser\u00e3o imunizadas. Ao todo, a primeira fase de imuniza\u00e7\u00e3o deve levar 45 dias, segundo previs\u00e3o da Sesapi, j\u00e1 que somente ap\u00f3s 15 dias da segunda dose o organismo desenvolve imunidade ao coronav\u00edrus.<\/p>\n\n\n\n<p><strong>Fonte: G1 PI<\/strong><\/p>\n","protected":false},"excerpt":{"rendered":"<p>O m\u00e9dico obstetra Joaquim Vaz Parente, de 75 anos, foi o primeiro piauiense a ser vacinado contra a Covid-19 na tarde desta segunda-feia (18). O profissional, que atua h\u00e1 45 anos na da Maternidade Dona Evangelina Rosa, j\u00e1 realizou em torno de 20 mil partos durante sua carreira e fez o terceiro parto da hist\u00f3ria [&hellip;]<\/p>\n","protected":false},"author":1,"featured_media":17765,"comment_status":"open","ping_status":"open","sticky":false,"template":"","format":"standard","meta":{"beyondwords_generate_audio":"","beyondwords_project_id":"","beyondwords_podcast_id":"","beyondwords_hash":"","beyondwords_error_message":"","beyondwords_disabled":"","publish_post_to_speechkit":"","speechkit_generate_audio":"","speechkit_project_id":"","speechkit_podcast_id":"","speechkit_hash":"","speechkit_error_message":"","speechkit_disabled":"","speechkit_access_key":"","speechkit_error":"","speechkit_info":"","speechkit_response":"","speechkit_retries":"","_speechkit_link":"","_speechkit_text":""},"categories":[51,1288],"tags":[6429,82,294,5307,44,72,940,7285,52,3485,779,3178],"jetpack_featured_media_url":"","_links":{"self":[{"href":"https:\/\/pinews.com.br\/index.php\/wp-json\/wp\/v2\/posts\/17764"}],"collection":[{"href":"https:\/\/pinews.com.br\/index.php\/wp-json\/wp\/v2\/posts"}],"about":[{"href":"https:\/\/pinews.com.br\/index.php\/wp-json\/wp\/v2\/types\/post"}],"author":[{"embeddable":true,"href":"https:\/\/pinews.com.br\/index.php\/wp-json\/wp\/v2\/users\/1"}],"replies":[{"embeddable":true,"href":"https:\/\/pinews.com.br\/index.php\/wp-json\/wp\/v2\/comments?post=17764"}],"version-history":[{"count":0,"href":"https:\/\/pinews.com.br\/index.php\/wp-json\/wp\/v2\/posts\/17764\/revisions"}],"wp:featuredmedia":[{"embeddable":true,"href":"https:\/\/pinews.com.br\/index.php\/wp-json\/"}],"wp:attachment":[{"href":"https:\/\/pinews.com.br\/index.php\/wp-json\/wp\/v2\/media?parent=17764"}],"wp:term":[{"taxonomy":"category","embeddable":true,"href":"https:\/\/pinews.com.br\/index.php\/wp-json\/wp\/v2\/categories?post=17764"},{"taxonomy":"post_tag","embeddable":true,"href":"https:\/\/pinews.com.br\/index.php\/wp-json\/wp\/v2\/tags?post=17764"}],"curies":[{"name":"wp","href":"https:\/\/api.w.org\/{rel}","templated":true}]}}