{"id":17877,"date":"2021-01-22T11:11:06","date_gmt":"2021-01-22T14:11:06","guid":{"rendered":"https:\/\/pinews.com.br\/?p=17877"},"modified":"2021-01-22T11:11:06","modified_gmt":"2021-01-22T14:11:06","slug":"empresario-e-feito-refem-junto-com-o-pai-em-assalto-a-mao-armada-no-piaui","status":"publish","type":"post","link":"https:\/\/pinews.com.br\/index.php\/2021\/01\/22\/empresario-e-feito-refem-junto-com-o-pai-em-assalto-a-mao-armada-no-piaui\/","title":{"rendered":"Empres\u00e1rio \u00e9 feito ref\u00e9m junto com o pai em assalto \u00e0 m\u00e3o armada no Piau\u00ed"},"content":{"rendered":"\n<p>Um dos propriet\u00e1rios da Ind\u00fastria \u00c1gua Viena foi feito de ref\u00e9m junto com o pai durante assalto \u00e0 m\u00e3o armada na manh\u00e3 desta quinta-feira (21).&nbsp; Eles ficaram sob a mira das armas de fogo. Os bandidos levaram uma grande quantia em dinheiro, al\u00e9m de celulares. C\u00e2meras de seguran\u00e7a registram o momento em que pai e filho s\u00e3o abordados pelos bandidos.<\/p>\n\n\n\n<p>O Cidadeverde.com conversou com outro propriet\u00e1rio da empresa sobre a situa\u00e7\u00e3o. Ele contou que um boletim de ocorr\u00eancia j\u00e1 foi registrado e lamentou o ocorrido, pedindo por mais seguran\u00e7a no estado. A ind\u00fastria est\u00e1 localizada no munic\u00edpio de Miguel Le\u00e3o.<\/p>\n\n\n\n<p>\u201cN\u00f3s estamos no meio de uma pandemia, tentando trabalhar, levar um produto que \u00e9 essencial para o ser humano, e acontece isso. Precisamos de mais seguran\u00e7a. \u00c9 um apelo por mais seguran\u00e7a. \u00c9 um absurdo o que est\u00e1 acontecendo. Ainda bem que n\u00e3o tivemos uma fatalidade. Eles est\u00e3o bem\u201d, disse.<\/p>\n\n\n\n<p>Os bandidos interceptaram o carro em que o propriet\u00e1rio estava com o pai. Eles j\u00e1 desceram encapuzados do carro com as armas apontadas na dire\u00e7\u00e3o das v\u00edtimas.<\/p>\n\n\n\n<p>Pelo modo que a a\u00e7\u00e3o ocorreu, os propriet\u00e1rios acreditam que um esquema foi organizado para que o dinheiro fosse roubado.<\/p>\n\n\n\n<p>O dinheiro roubado era uma quantia recebida pelo pagamento de uma venda. Ele seria depositado em um banco pelo propriet\u00e1rio abordado, quando o roubo aconteceu.<\/p>\n\n\n\n<figure class=\"wp-block-embed-youtube wp-block-embed is-type-video is-provider-youtube wp-embed-aspect-16-9 wp-has-aspect-ratio\"><div class=\"wp-block-embed__wrapper\">\n<iframe loading=\"lazy\" title=\"Empres\u00e1rio \u00e9 feito ref\u00e9m junto com o pai em assalto \u00e0 m\u00e3o armada\" width=\"1170\" height=\"658\" src=\"https:\/\/www.youtube.com\/embed\/OyW1qnt34pA?feature=oembed\" frameborder=\"0\" allow=\"accelerometer; autoplay; clipboard-write; encrypted-media; gyroscope; picture-in-picture; web-share\" allowfullscreen><\/iframe>\n<\/div><\/figure>\n\n\n\n<p><strong>Fonte: Cidade Verde<\/strong><\/p>\n","protected":false},"excerpt":{"rendered":"<p>Um dos propriet\u00e1rios da Ind\u00fastria \u00c1gua Viena foi feito de ref\u00e9m junto com o pai durante assalto \u00e0 m\u00e3o armada na manh\u00e3 desta quinta-feira (21).&nbsp; Eles ficaram sob a mira das armas de fogo. Os bandidos levaram uma grande quantia em dinheiro, al\u00e9m de celulares. C\u00e2meras de seguran\u00e7a registram o momento em que pai e [&hellip;]<\/p>\n","protected":false},"author":1,"featured_media":17878,"comment_status":"open","ping_status":"open","sticky":false,"template":"","format":"standard","meta":{"beyondwords_generate_audio":"","beyondwords_project_id":"","beyondwords_podcast_id":"","beyondwords_hash":"","beyondwords_error_message":"","beyondwords_disabled":"","publish_post_to_speechkit":"","speechkit_generate_audio":"","speechkit_project_id":"","speechkit_podcast_id":"","speechkit_hash":"","speechkit_error_message":"","speechkit_disabled":"","speechkit_access_key":"","speechkit_error":"","speechkit_info":"","speechkit_response":"","speechkit_retries":"","_speechkit_link":"","_speechkit_text":""},"categories":[51,78],"tags":[794,5929,356,72,46,152,6819,1005,5786,290,52,270],"jetpack_featured_media_url":"","_links":{"self":[{"href":"https:\/\/pinews.com.br\/index.php\/wp-json\/wp\/v2\/posts\/17877"}],"collection":[{"href":"https:\/\/pinews.com.br\/index.php\/wp-json\/wp\/v2\/posts"}],"about":[{"href":"https:\/\/pinews.com.br\/index.php\/wp-json\/wp\/v2\/types\/post"}],"author":[{"embeddable":true,"href":"https:\/\/pinews.com.br\/index.php\/wp-json\/wp\/v2\/users\/1"}],"replies":[{"embeddable":true,"href":"https:\/\/pinews.com.br\/index.php\/wp-json\/wp\/v2\/comments?post=17877"}],"version-history":[{"count":0,"href":"https:\/\/pinews.com.br\/index.php\/wp-json\/wp\/v2\/posts\/17877\/revisions"}],"wp:featuredmedia":[{"embeddable":true,"href":"https:\/\/pinews.com.br\/index.php\/wp-json\/"}],"wp:attachment":[{"href":"https:\/\/pinews.com.br\/index.php\/wp-json\/wp\/v2\/media?parent=17877"}],"wp:term":[{"taxonomy":"category","embeddable":true,"href":"https:\/\/pinews.com.br\/index.php\/wp-json\/wp\/v2\/categories?post=17877"},{"taxonomy":"post_tag","embeddable":true,"href":"https:\/\/pinews.com.br\/index.php\/wp-json\/wp\/v2\/tags?post=17877"}],"curies":[{"name":"wp","href":"https:\/\/api.w.org\/{rel}","templated":true}]}}