{"id":17886,"date":"2021-01-22T11:23:30","date_gmt":"2021-01-22T14:23:30","guid":{"rendered":"https:\/\/pinews.com.br\/?p=17886"},"modified":"2021-01-22T11:23:30","modified_gmt":"2021-01-22T14:23:30","slug":"diante-do-colapso-em-manaus-governadores-acertam-cota-extra-da-vacina-para-o-amazonas","status":"publish","type":"post","link":"https:\/\/pinews.com.br\/index.php\/2021\/01\/22\/diante-do-colapso-em-manaus-governadores-acertam-cota-extra-da-vacina-para-o-amazonas\/","title":{"rendered":"Diante do colapso em Manaus, governadores acertam cota extra da vacina para o Amazonas"},"content":{"rendered":"\n<p>Governadores de pelo menos 22 estados acertaram na noite da quinta-feira (21) o repasse para o Amazonas de uma cota extra das vacinas que devem receber nos pr\u00f3ximos dias.<\/p>\n\n\n\n<p>Nesta sexta-feira (22), a Ag\u00eancia Nacional de Vigil\u00e2ncia Sanit\u00e1ria (Anvisa) deve liberar o uso emergencial de mais 4,8 milh\u00f5es de doses da Coronavac, e 2 milh\u00f5es de doses da vacina da Astrazeneca devem chegar ao pa\u00eds.<\/p>\n\n\n\n<p>O governador do Piau\u00ed, Wellington Dias (PT), participou da reuni\u00e3o de um grupo de trabalho que discute o colapso do sistema de sa\u00fade em Manaus e defendeu junto aos governadores, por meio do grupo no WhatsApp, que o Amazonas receba uma parte maior dessas novas doses, devido \u00e0 \u201ctransmissibilidade alta\u201d de casos e \u00e0 gravidade da situa\u00e7\u00e3o.<\/p>\n\n\n\n<p>A proposta, segundo Dias explicou ao blog, \u00e9 que o Amazonas fique com 5% do total de novas doses e os demais estados fa\u00e7am o rateio proporcional do restante.<\/p>\n\n\n\n<p>\u201cO que vou defender aqui \u00e9 uma quest\u00e3o humanit\u00e1ria. Participei agora do grupo de trabalho sobre Manaus e situa\u00e7\u00e3o \u00e9 muito s\u00e9ria e j\u00e1 se espalha na regi\u00e3o&#8221;, disse.<\/p>\n\n\n\n<p>Segundo ele, n\u00e3o houve oposi\u00e7\u00e3o. Fazem parte do grupo, por exemplo, estados como Piau\u00ed, Alagoas, S\u00e3o Paulo, Rio de Janeiro, Paran\u00e1, entre outros.<\/p>\n\n\n\n<p>O grupo de trabalho que acompanha a trag\u00e9dia em Manaus \u00e9 formado por governadores, t\u00e9cnicos da regi\u00e3o e do Minist\u00e9rio da Sa\u00fade. Segundo Dias, os integrantes da pasta que integram o grupo tamb\u00e9m deram sinal verde \u00e0 proposta.<\/p>\n\n\n\n<p><strong>Fonte: G1<\/strong><\/p>\n","protected":false},"excerpt":{"rendered":"<p>Governadores de pelo menos 22 estados acertaram na noite da quinta-feira (21) o repasse para o Amazonas de uma cota extra das vacinas que devem receber nos pr\u00f3ximos dias. Nesta sexta-feira (22), a Ag\u00eancia Nacional de Vigil\u00e2ncia Sanit\u00e1ria (Anvisa) deve liberar o uso emergencial de mais 4,8 milh\u00f5es de doses da Coronavac, e 2 milh\u00f5es [&hellip;]<\/p>\n","protected":false},"author":1,"featured_media":13451,"comment_status":"open","ping_status":"open","sticky":false,"template":"","format":"standard","meta":{"beyondwords_generate_audio":"","beyondwords_project_id":"","beyondwords_podcast_id":"","beyondwords_hash":"","beyondwords_error_message":"","beyondwords_disabled":"","publish_post_to_speechkit":"","speechkit_generate_audio":"","speechkit_project_id":"","speechkit_podcast_id":"","speechkit_hash":"","speechkit_error_message":"","speechkit_disabled":"","speechkit_access_key":"","speechkit_error":"","speechkit_info":"","speechkit_response":"","speechkit_retries":"","_speechkit_link":"","_speechkit_text":""},"categories":[134],"tags":[7326,7243,7244,5574,122,970,46,952,4684,7246,350,3178],"jetpack_featured_media_url":"","_links":{"self":[{"href":"https:\/\/pinews.com.br\/index.php\/wp-json\/wp\/v2\/posts\/17886"}],"collection":[{"href":"https:\/\/pinews.com.br\/index.php\/wp-json\/wp\/v2\/posts"}],"about":[{"href":"https:\/\/pinews.com.br\/index.php\/wp-json\/wp\/v2\/types\/post"}],"author":[{"embeddable":true,"href":"https:\/\/pinews.com.br\/index.php\/wp-json\/wp\/v2\/users\/1"}],"replies":[{"embeddable":true,"href":"https:\/\/pinews.com.br\/index.php\/wp-json\/wp\/v2\/comments?post=17886"}],"version-history":[{"count":0,"href":"https:\/\/pinews.com.br\/index.php\/wp-json\/wp\/v2\/posts\/17886\/revisions"}],"wp:featuredmedia":[{"embeddable":true,"href":"https:\/\/pinews.com.br\/index.php\/wp-json\/"}],"wp:attachment":[{"href":"https:\/\/pinews.com.br\/index.php\/wp-json\/wp\/v2\/media?parent=17886"}],"wp:term":[{"taxonomy":"category","embeddable":true,"href":"https:\/\/pinews.com.br\/index.php\/wp-json\/wp\/v2\/categories?post=17886"},{"taxonomy":"post_tag","embeddable":true,"href":"https:\/\/pinews.com.br\/index.php\/wp-json\/wp\/v2\/tags?post=17886"}],"curies":[{"name":"wp","href":"https:\/\/api.w.org\/{rel}","templated":true}]}}