{"id":17914,"date":"2021-01-23T10:41:00","date_gmt":"2021-01-23T13:41:00","guid":{"rendered":"https:\/\/pinews.com.br\/?p=17914"},"modified":"2021-01-23T10:41:00","modified_gmt":"2021-01-23T13:41:00","slug":"aviao-faz-pouso-forcado-apos-pane-na-pista-do-aeroporto-de-parnaiba","status":"publish","type":"post","link":"https:\/\/pinews.com.br\/index.php\/2021\/01\/23\/aviao-faz-pouso-forcado-apos-pane-na-pista-do-aeroporto-de-parnaiba\/","title":{"rendered":"Avi\u00e3o faz pouso for\u00e7ado ap\u00f3s pane na pista do aeroporto de Parna\u00edba"},"content":{"rendered":"\n<p>A Central do Aeroporto Internacional Prefeito Dr. Jo\u00e3o Silva Filho de Parna\u00edba (345 km de Teresina) &nbsp;fez recomenda\u00e7\u00e3o a &nbsp;piloto de avi\u00e3o para que fizesse pouso for\u00e7ado &nbsp;em pista no vizinho munic\u00edpio de &nbsp;Buriti dos Lopes porque as luzes da pista de pouso tinham sofrido pane.<\/p>\n\n\n\n<p>O pouso for\u00e7ado ocorreu na noite da \u00faltima quinta-feira (21) e o Corpo de Bombeiros de Parna\u00edba foi acionado para dar suporte \u00e0 tentativa de pouso no Aeroporto de Parna\u00edba. Bombeiros informaram que o piloto do avi\u00e3o ficou dando voltas sobre Parna\u00edba porque a &nbsp;ilumina\u00e7\u00e3o da pista de pouso n\u00e3o havia funcionado.<\/p>\n\n\n\n<figure class=\"wp-block-image\"><img decoding=\"async\" src=\"https:\/\/static.meionorte.com\/uploads\/imagens\/2021\/1\/23\/831ee674-4591-4350-8280-9e049a5b4342-22f44f22-ca0f-48d4-b41e-9a83a993a1ef.jpg\" alt=\"\"\/><figcaption>Pista do aeroporto de Parna\u00edba (Foto: redes sociais)<\/figcaption><\/figure>\n\n\n\n<p>A Central do Aeroporto fez &nbsp;recomenda\u00e7\u00e3o ao piloto para que &nbsp;pousasse em pista em Buriti dos Lopes, porque era a mais pr\u00f3xima.<\/p>\n\n\n\n<p>O Corpo de Bombeiros adiantou que o avi\u00e3o \u00e9 legalizado, o piloto n\u00e3o foi ferido e o avi\u00e3o n\u00e3o sofreu inc\u00eandio como foi divulgado nas redes sociais.<\/p>\n\n\n\n<p><strong>Fonte: Meio Norte<\/strong><\/p>\n","protected":false},"excerpt":{"rendered":"<p>A Central do Aeroporto Internacional Prefeito Dr. Jo\u00e3o Silva Filho de Parna\u00edba (345 km de Teresina) &nbsp;fez recomenda\u00e7\u00e3o a &nbsp;piloto de avi\u00e3o para que fizesse pouso for\u00e7ado &nbsp;em pista no vizinho munic\u00edpio de &nbsp;Buriti dos Lopes porque as luzes da pista de pouso tinham sofrido pane. O pouso for\u00e7ado ocorreu na noite da \u00faltima quinta-feira [&hellip;]<\/p>\n","protected":false},"author":1,"featured_media":17915,"comment_status":"open","ping_status":"open","sticky":false,"template":"","format":"standard","meta":{"beyondwords_generate_audio":"","beyondwords_project_id":"","beyondwords_podcast_id":"","beyondwords_hash":"","beyondwords_error_message":"","beyondwords_disabled":"","publish_post_to_speechkit":"","speechkit_generate_audio":"","speechkit_project_id":"","speechkit_podcast_id":"","speechkit_hash":"","speechkit_error_message":"","speechkit_disabled":"","speechkit_access_key":"","speechkit_error":"","speechkit_info":"","speechkit_response":"","speechkit_retries":"","_speechkit_link":"","_speechkit_text":""},"categories":[51],"tags":[2292,70,7254,44,963,7332,91,6667,1367,228,7333],"jetpack_featured_media_url":"","_links":{"self":[{"href":"https:\/\/pinews.com.br\/index.php\/wp-json\/wp\/v2\/posts\/17914"}],"collection":[{"href":"https:\/\/pinews.com.br\/index.php\/wp-json\/wp\/v2\/posts"}],"about":[{"href":"https:\/\/pinews.com.br\/index.php\/wp-json\/wp\/v2\/types\/post"}],"author":[{"embeddable":true,"href":"https:\/\/pinews.com.br\/index.php\/wp-json\/wp\/v2\/users\/1"}],"replies":[{"embeddable":true,"href":"https:\/\/pinews.com.br\/index.php\/wp-json\/wp\/v2\/comments?post=17914"}],"version-history":[{"count":0,"href":"https:\/\/pinews.com.br\/index.php\/wp-json\/wp\/v2\/posts\/17914\/revisions"}],"wp:featuredmedia":[{"embeddable":true,"href":"https:\/\/pinews.com.br\/index.php\/wp-json\/"}],"wp:attachment":[{"href":"https:\/\/pinews.com.br\/index.php\/wp-json\/wp\/v2\/media?parent=17914"}],"wp:term":[{"taxonomy":"category","embeddable":true,"href":"https:\/\/pinews.com.br\/index.php\/wp-json\/wp\/v2\/categories?post=17914"},{"taxonomy":"post_tag","embeddable":true,"href":"https:\/\/pinews.com.br\/index.php\/wp-json\/wp\/v2\/tags?post=17914"}],"curies":[{"name":"wp","href":"https:\/\/api.w.org\/{rel}","templated":true}]}}