{"id":17948,"date":"2021-01-25T11:08:00","date_gmt":"2021-01-25T14:08:00","guid":{"rendered":"https:\/\/pinews.com.br\/?p=17948"},"modified":"2021-01-25T11:08:00","modified_gmt":"2021-01-25T14:08:00","slug":"prazo-para-pagar-ipva-com-15-de-desconto-termina-sexta29","status":"publish","type":"post","link":"https:\/\/pinews.com.br\/index.php\/2021\/01\/25\/prazo-para-pagar-ipva-com-15-de-desconto-termina-sexta29\/","title":{"rendered":"Prazo para pagar IPVA com 15% de desconto termina sexta(29)"},"content":{"rendered":"\n<p>Termina na sexta-feira, 29 de janeiro, o prazo para os contribuintes pagarem o IPVA 2021 com 15% de desconto. A data \u00e9 o \u00faltimo dia \u00fatil do m\u00eas. A partir da segunda, 1\u00ba de fevereiro, o desconto ser\u00e1 de 10%, de acordo com o calend\u00e1rio divulgado pela Secretaria de Fazenda do Piau\u00ed. Quem optar por pagar em mar\u00e7o a cota \u00fanica ter\u00e1 5% de desconto.<\/p>\n\n\n\n<p>Assim como nos anos anteriores, o IPVA pode ser parcelado em 3 vezes, mas sem desconto. As parcelas vencem no dia 31 de mar\u00e7o, 30 de abril e 31 de maio.<\/p>\n\n\n\n<p>O boleto pode ser impresso tanto no site do Detran (http:\/\/www.detran.pi.gov.br) como na p\u00e1gina da Sefaz na internet (https:\/\/webas.sefaz.pi.gov.br\/darweb)<\/p>\n\n\n\n<p><strong>Aplicativo<\/strong><\/p>\n\n\n\n<p>Para quem vai pagar o IPVA pelo aplicativo do Banco do Brasil \u00e9 bem simples. Basta ir no menu do APP e escolher a op\u00e7\u00e3o pagamentos. Em seguida e s\u00f3 clicar em \u201cimpostos e taxas\u201d e depois em \u201cd\u00e9bitos de ve\u00edculos\u201d. Feito isso, escolha o estado e clique em IPVA. Para finalizar preencha os dados do ve\u00edculo e pague o imposto.<\/p>\n\n\n\n<p>Parte dos recursos arrecadados com o IPVA, 40%, s\u00e3o investidos no Estado, outros 40% s\u00e3o destinados aos munic\u00edpios e 20% v\u00e3o para o Fundeb.<\/p>\n\n\n\n<p><strong>Fonte: Cidade Verde<\/strong><\/p>\n","protected":false},"excerpt":{"rendered":"<p>Termina na sexta-feira, 29 de janeiro, o prazo para os contribuintes pagarem o IPVA 2021 com 15% de desconto. A data \u00e9 o \u00faltimo dia \u00fatil do m\u00eas. A partir da segunda, 1\u00ba de fevereiro, o desconto ser\u00e1 de 10%, de acordo com o calend\u00e1rio divulgado pela Secretaria de Fazenda do Piau\u00ed. Quem optar por [&hellip;]<\/p>\n","protected":false},"author":1,"featured_media":17949,"comment_status":"open","ping_status":"open","sticky":false,"template":"","format":"standard","meta":{"beyondwords_generate_audio":"","beyondwords_project_id":"","beyondwords_podcast_id":"","beyondwords_hash":"","beyondwords_error_message":"","beyondwords_disabled":"","publish_post_to_speechkit":"","speechkit_generate_audio":"","speechkit_project_id":"","speechkit_podcast_id":"","speechkit_hash":"","speechkit_error_message":"","speechkit_disabled":"","speechkit_access_key":"","speechkit_error":"","speechkit_info":"","speechkit_response":"","speechkit_retries":"","_speechkit_link":"","_speechkit_text":""},"categories":[516,134],"tags":[180,44,6396,1958,5712,350,1960,7340,5694],"jetpack_featured_media_url":"","_links":{"self":[{"href":"https:\/\/pinews.com.br\/index.php\/wp-json\/wp\/v2\/posts\/17948"}],"collection":[{"href":"https:\/\/pinews.com.br\/index.php\/wp-json\/wp\/v2\/posts"}],"about":[{"href":"https:\/\/pinews.com.br\/index.php\/wp-json\/wp\/v2\/types\/post"}],"author":[{"embeddable":true,"href":"https:\/\/pinews.com.br\/index.php\/wp-json\/wp\/v2\/users\/1"}],"replies":[{"embeddable":true,"href":"https:\/\/pinews.com.br\/index.php\/wp-json\/wp\/v2\/comments?post=17948"}],"version-history":[{"count":0,"href":"https:\/\/pinews.com.br\/index.php\/wp-json\/wp\/v2\/posts\/17948\/revisions"}],"wp:featuredmedia":[{"embeddable":true,"href":"https:\/\/pinews.com.br\/index.php\/wp-json\/"}],"wp:attachment":[{"href":"https:\/\/pinews.com.br\/index.php\/wp-json\/wp\/v2\/media?parent=17948"}],"wp:term":[{"taxonomy":"category","embeddable":true,"href":"https:\/\/pinews.com.br\/index.php\/wp-json\/wp\/v2\/categories?post=17948"},{"taxonomy":"post_tag","embeddable":true,"href":"https:\/\/pinews.com.br\/index.php\/wp-json\/wp\/v2\/tags?post=17948"}],"curies":[{"name":"wp","href":"https:\/\/api.w.org\/{rel}","templated":true}]}}