{"id":18036,"date":"2021-01-26T19:40:21","date_gmt":"2021-01-26T22:40:21","guid":{"rendered":"https:\/\/pinews.com.br\/?p=18036"},"modified":"2021-01-26T19:40:21","modified_gmt":"2021-01-26T22:40:21","slug":"aneel-autoriza-unidade-eolica-que-vai-gerar-21-mil-empregos-no-piaui","status":"publish","type":"post","link":"https:\/\/pinews.com.br\/index.php\/2021\/01\/26\/aneel-autoriza-unidade-eolica-que-vai-gerar-21-mil-empregos-no-piaui\/","title":{"rendered":"Aneel autoriza unidade e\u00f3lica que vai gerar 21 mil empregos no Piau\u00ed"},"content":{"rendered":"\n<p>A Ag\u00eancia Nacional de Energia El\u00e9trica (Aneel) autorizou a opera\u00e7\u00e3o de 19 unidades de gera\u00e7\u00e3o de energia e\u00f3lica no Piau\u00ed. A informa\u00e7\u00e3o foi divulgada pelo presidente nacional do Progressistas, senador Ciro Nogueira, que informou que o complexo e\u00f3lico tem capacidade para abastecer 1,5 milh\u00e3o de resid\u00eancias e vai gerar mais de 21 mil empregos no estado.<\/p>\n\n\n\n<p>\u201cForam aprovadas 19 unidades de energia e\u00f3lica para o nosso estado. A produ\u00e7\u00e3o \u00e9 uma conquista hist\u00f3rica para o Piau\u00ed. Vamos ser capazes de abastecer 1,5 milh\u00e3o de resid\u00eancias, em tr\u00eas cidades, gerando 21 mil empregos em nosso estado. Em um momento de retomada, isso \u00e9 muito importante\u201d, comemorou o senador.<\/p>\n\n\n\n<p>Ciro Nogueira explica que o complexo e\u00f3lico ser\u00e1 instalado nos munic\u00edpios de Dom Inoc\u00eancio, Lagoa do Barro do Piau\u00ed e Queimada Nova. O investimento \u00e9 de R$ 1,7 bilh\u00e3o.<\/p>\n\n\n\n<p>\u201cNosso estado tem um potencial enorme de gera\u00e7\u00e3o de energia limpa e fico extremamente satisfeito em ver que o presidente atendeu o nosso pedido de trazer mais investimentos que garantam o desenvolvimento do Piau\u00ed\u201d, declarou Ciro Nogueira que tamb\u00e9m agradeceu ao presidente Jair Bolsonaro.<\/p>\n\n\n\n<p><strong>Fonte: Cidade Verde<\/strong><\/p>\n","protected":false},"excerpt":{"rendered":"<p>A Ag\u00eancia Nacional de Energia El\u00e9trica (Aneel) autorizou a opera\u00e7\u00e3o de 19 unidades de gera\u00e7\u00e3o de energia e\u00f3lica no Piau\u00ed. A informa\u00e7\u00e3o foi divulgada pelo presidente nacional do Progressistas, senador Ciro Nogueira, que informou que o complexo e\u00f3lico tem capacidade para abastecer 1,5 milh\u00e3o de resid\u00eancias e vai gerar mais de 21 mil empregos no [&hellip;]<\/p>\n","protected":false},"author":1,"featured_media":18037,"comment_status":"open","ping_status":"open","sticky":false,"template":"","format":"standard","meta":{"beyondwords_generate_audio":"","beyondwords_project_id":"","beyondwords_podcast_id":"","beyondwords_hash":"","beyondwords_error_message":"","beyondwords_disabled":"","publish_post_to_speechkit":"","speechkit_generate_audio":"","speechkit_project_id":"","speechkit_podcast_id":"","speechkit_hash":"","speechkit_error_message":"","speechkit_disabled":"","speechkit_access_key":"","speechkit_error":"","speechkit_info":"","speechkit_response":"","speechkit_retries":"","_speechkit_link":"","_speechkit_text":""},"categories":[51],"tags":[1043,6705,3144,1470,6484,6209,109,52,791,1089],"jetpack_featured_media_url":"","_links":{"self":[{"href":"https:\/\/pinews.com.br\/index.php\/wp-json\/wp\/v2\/posts\/18036"}],"collection":[{"href":"https:\/\/pinews.com.br\/index.php\/wp-json\/wp\/v2\/posts"}],"about":[{"href":"https:\/\/pinews.com.br\/index.php\/wp-json\/wp\/v2\/types\/post"}],"author":[{"embeddable":true,"href":"https:\/\/pinews.com.br\/index.php\/wp-json\/wp\/v2\/users\/1"}],"replies":[{"embeddable":true,"href":"https:\/\/pinews.com.br\/index.php\/wp-json\/wp\/v2\/comments?post=18036"}],"version-history":[{"count":0,"href":"https:\/\/pinews.com.br\/index.php\/wp-json\/wp\/v2\/posts\/18036\/revisions"}],"wp:featuredmedia":[{"embeddable":true,"href":"https:\/\/pinews.com.br\/index.php\/wp-json\/"}],"wp:attachment":[{"href":"https:\/\/pinews.com.br\/index.php\/wp-json\/wp\/v2\/media?parent=18036"}],"wp:term":[{"taxonomy":"category","embeddable":true,"href":"https:\/\/pinews.com.br\/index.php\/wp-json\/wp\/v2\/categories?post=18036"},{"taxonomy":"post_tag","embeddable":true,"href":"https:\/\/pinews.com.br\/index.php\/wp-json\/wp\/v2\/tags?post=18036"}],"curies":[{"name":"wp","href":"https:\/\/api.w.org\/{rel}","templated":true}]}}