{"id":18098,"date":"2021-01-28T18:56:46","date_gmt":"2021-01-28T21:56:46","guid":{"rendered":"https:\/\/pinews.com.br\/?p=18098"},"modified":"2021-01-28T18:56:46","modified_gmt":"2021-01-28T21:56:46","slug":"floriano-e-picos-flexibilizam-e-comercio-nas-duas-cidades-funcionara-em-horario-normal","status":"publish","type":"post","link":"https:\/\/pinews.com.br\/index.php\/2021\/01\/28\/floriano-e-picos-flexibilizam-e-comercio-nas-duas-cidades-funcionara-em-horario-normal\/","title":{"rendered":"Floriano e Picos flexibilizam e com\u00e9rcio nas duas cidades funcionar\u00e1 em hor\u00e1rio normal"},"content":{"rendered":"\n<p>Os munic\u00edpios de Floriano e Picos n\u00e3o alteraram os hor\u00e1rios de funcionamento do com\u00e9rcio e shoppings, conforme orienta o decreto 19.445 publicado no dia 26 de janeiro pelo governo do Estado. No documento estadual ficou estabelecido o funcionamento at\u00e9 \u00e0s 17h para o com\u00e9rcio e de 12h \u00e0s 21h para shoppings centers.<\/p>\n\n\n\n<p>Em decreto publicado na quarta-feira (27), a prefeitura de Picos, afirma que &#8220;o com\u00e9rcio em geral poder\u00e1 funcionar desde que cumpra protocolos sanit\u00e1rios das vigil\u00e2ncias sanit\u00e1rias, especialmente distanciamento social e o uso obrigat\u00f3rio de m\u00e1scaras e \u00e1lcool 70%&#8221;.<strong>&nbsp;<a href=\"https:\/\/cidadeverde.com\/assets\/uploads\/files\/decreto%2027-2021%20medidas%20preventivas%20de%20dissemina%C3%A7%C3%A3o%20e%20de%20combate%20da%20covid-19%20para%20o%20per%C3%ADodo%20carnavalesco_1611864604.pdf\" target=\"_blank\" rel=\"noreferrer noopener\">Veja o decreto<\/a><\/strong><\/p>\n\n\n\n<p>J\u00e1 Floriano, em decreto publicado nesta quinta, &#8220;o hor\u00e1rio de funcionamento do com\u00e9rcio local, bem como do shopping center permanece inalterado&#8221;.&nbsp;<strong><a href=\"https:\/\/cidadeverde.com\/assets\/uploads\/files\/decreto%20006-2021_1611864640.pdf\" target=\"_blank\" rel=\"noreferrer noopener\">Baixe o decreto<\/a><\/strong><\/p>\n\n\n\n<p>O munic\u00edpio manteve a restri\u00e7\u00e3o a bares e restaurantes, com funcionamento at\u00e9 \u00e0s 23h e proibiu a realiza\u00e7\u00e3o de eventos de qualquer natureza, p\u00fablicos ou privados, em casas de shows e boates, bem como atividades desportivas e sociais.<\/p>\n\n\n\n<p>Em Floriano, as medidas devem durar at\u00e9 21 de janeiro. Os pontos facultativos no per\u00edodo do carnaval tamb\u00e9m est\u00e3o suspensos. Quem desobedecer o decreto estar\u00e1 sujeito a multas que variam de 1.000 UFMF (Unidade Fiscal do Munic\u00edpio de Floriano), o que corresponde a R$ 3.530,00, a 10.000 UFMF.<\/p>\n\n\n\n<p><strong>Picos tamb\u00e9m suspende eventos<\/strong><\/p>\n\n\n\n<p>A prefeitura de Picos, assim como o decreto 19.445 do governo do Piau\u00ed, tamb\u00e9m proibiu a realiza\u00e7\u00e3o de eventos. Bares e restaurantes s\u00f3 podem funcionar at\u00e9 \u00e0s 23h. Pontos facultativos no carnaval tamb\u00e9m est\u00e3o suspensos.<\/p>\n\n\n\n<p>O decreto de Picos n\u00e3o fecha as academias, no entanto, os estabelecimentos n\u00e3o podem exceder os 50% da capacidade do local. A feira livre do munic\u00edpio tamb\u00e9m n\u00e3o ter\u00e1 restri\u00e7\u00f5es, mas deve seguir as normas sanit\u00e1rias. Quem desobedecer o decreto poder\u00e1 receber uma multa que varia de R$ 5 mil a R$ 50 mil.<\/p>\n\n\n\n<p><strong>Fonte: H\u00e9rlon Moraes\/ Cidade Verde<\/strong><\/p>\n","protected":false},"excerpt":{"rendered":"<p>Os munic\u00edpios de Floriano e Picos n\u00e3o alteraram os hor\u00e1rios de funcionamento do com\u00e9rcio e shoppings, conforme orienta o decreto 19.445 publicado no dia 26 de janeiro pelo governo do Estado. No documento estadual ficou estabelecido o funcionamento at\u00e9 \u00e0s 17h para o com\u00e9rcio e de 12h \u00e0s 21h para shoppings centers. Em decreto publicado [&hellip;]<\/p>\n","protected":false},"author":1,"featured_media":18099,"comment_status":"open","ping_status":"open","sticky":false,"template":"","format":"standard","meta":{"beyondwords_generate_audio":"","beyondwords_project_id":"","beyondwords_podcast_id":"","beyondwords_hash":"","beyondwords_error_message":"","beyondwords_disabled":"","publish_post_to_speechkit":"","speechkit_generate_audio":"","speechkit_project_id":"","speechkit_podcast_id":"","speechkit_hash":"","speechkit_error_message":"","speechkit_disabled":"","speechkit_access_key":"","speechkit_error":"","speechkit_info":"","speechkit_response":"","speechkit_retries":"","_speechkit_link":"","_speechkit_text":""},"categories":[51,126],"tags":[809,987,260,46,7379,666,7380,6181,826,7381,125],"jetpack_featured_media_url":"","_links":{"self":[{"href":"https:\/\/pinews.com.br\/index.php\/wp-json\/wp\/v2\/posts\/18098"}],"collection":[{"href":"https:\/\/pinews.com.br\/index.php\/wp-json\/wp\/v2\/posts"}],"about":[{"href":"https:\/\/pinews.com.br\/index.php\/wp-json\/wp\/v2\/types\/post"}],"author":[{"embeddable":true,"href":"https:\/\/pinews.com.br\/index.php\/wp-json\/wp\/v2\/users\/1"}],"replies":[{"embeddable":true,"href":"https:\/\/pinews.com.br\/index.php\/wp-json\/wp\/v2\/comments?post=18098"}],"version-history":[{"count":0,"href":"https:\/\/pinews.com.br\/index.php\/wp-json\/wp\/v2\/posts\/18098\/revisions"}],"wp:featuredmedia":[{"embeddable":true,"href":"https:\/\/pinews.com.br\/index.php\/wp-json\/"}],"wp:attachment":[{"href":"https:\/\/pinews.com.br\/index.php\/wp-json\/wp\/v2\/media?parent=18098"}],"wp:term":[{"taxonomy":"category","embeddable":true,"href":"https:\/\/pinews.com.br\/index.php\/wp-json\/wp\/v2\/categories?post=18098"},{"taxonomy":"post_tag","embeddable":true,"href":"https:\/\/pinews.com.br\/index.php\/wp-json\/wp\/v2\/tags?post=18098"}],"curies":[{"name":"wp","href":"https:\/\/api.w.org\/{rel}","templated":true}]}}