{"id":18171,"date":"2021-01-30T19:27:41","date_gmt":"2021-01-30T22:27:41","guid":{"rendered":"https:\/\/pinews.com.br\/?p=18171"},"modified":"2021-01-30T19:27:41","modified_gmt":"2021-01-30T22:27:41","slug":"justica-proibe-prefeitura-de-teresina-de-autorizar-eventos-com-aglomeracao","status":"publish","type":"post","link":"https:\/\/pinews.com.br\/index.php\/2021\/01\/30\/justica-proibe-prefeitura-de-teresina-de-autorizar-eventos-com-aglomeracao\/","title":{"rendered":"Justi\u00e7a pro\u00edbe Prefeitura de Teresina de autorizar eventos com aglomera\u00e7\u00e3o"},"content":{"rendered":"\n<p>O juiz da 1\u00aa Vara da Fazenda P\u00fablica de Teresina, Aderson de Brito Nogueira, proibiu a Prefeitura de Teresina de autorizar a realiza\u00e7\u00e3o de festas e eventos na capital, que promovam aglomera\u00e7\u00e3o de pessoas, em ambientes fechados ou abertos. A decis\u00e3o atende a um recurso apresentado pelo Minist\u00e9rio P\u00fablico, por meio da 29\u00aa Promotoria de Justi\u00e7a de Teresina.&nbsp;<\/p>\n\n\n\n<p>\u201cDou provimento para determinar ao Munic\u00edpio de Teresina que se abstenha de autorizar quaisquer outras festas\/eventos promovedores de aglomera\u00e7\u00f5es (seja em ambiente aberto, seja em ambiente fechado), seja quem for seu Produtor\/Organizador\u201d, diz o magistrado em sua decis\u00e3o.&nbsp;<\/p>\n\n\n\n<p>O magistrado tamb\u00e9m argumenta que, apesar do in\u00edcio do processo de vacina\u00e7\u00e3o, ainda \u00e9 preciso cautela sobre o avan\u00e7o da covid-19 na capital.&nbsp;<\/p>\n\n\n\n<p>\u201c\u00c9 preciso que todos os cidad\u00e3os tomem as medidas necess\u00e1rias para diminuir o ritmo de cont\u00e1gio da doen\u00e7a. As estat\u00edsticas apontam que estamos nos aproximando da segunda onda de cont\u00e1gio da doen\u00e7a e, apesar de estarmos esperan\u00e7osos com a in\u00edcio da vacina\u00e7\u00e3o, o momento ainda nos exige cautela\u201d, afirma.&nbsp;<\/p>\n\n\n\n<p><strong><a href=\"https:\/\/cidadeverde.com\/assets\/uploads\/files\/decisa?o%20-%20previas%20de%20carnaval%20suspensas_1612036130.pdf\" target=\"_blank\" rel=\"noreferrer noopener\">Clique e confira a decis\u00e3o na \u00edntegra<\/a><\/strong><\/p>\n\n\n\n<p>A decis\u00e3o do juiz da 1\u00aa Vara da Fazenda P\u00fablica de Teresina vai de encontro ao decreto municipal, emitido pela Prefeitura de Teresina neste s\u00e1bado, que flexibiliza as restri\u00e7\u00f5es que haviam sido impostas pelo governo do Estado.&nbsp;<\/p>\n\n\n\n<p>No decreto municipal, o prefeito Doutor Pessoa autoriza os bares a funcionar at\u00e9 0h com apresenta\u00e7\u00f5es musicais ou m\u00fasica ambiente, desde que sem dan\u00e7a e sem livre circula\u00e7\u00e3o de pessoas, mantendo distanciamento.&nbsp;<\/p>\n\n\n\n<p>A Prefeitura de Teresina ainda n\u00e3o se manifestou a respeito da decis\u00e3o judicial.&nbsp;<\/p>\n\n\n\n<p><br><strong>Fonte: Natanael<em> <\/em>Souza\/ Cidade Verde<\/strong><\/p>\n","protected":false},"excerpt":{"rendered":"<p>O juiz da 1\u00aa Vara da Fazenda P\u00fablica de Teresina, Aderson de Brito Nogueira, proibiu a Prefeitura de Teresina de autorizar a realiza\u00e7\u00e3o de festas e eventos na capital, que promovam aglomera\u00e7\u00e3o de pessoas, em ambientes fechados ou abertos. A decis\u00e3o atende a um recurso apresentado pelo Minist\u00e9rio P\u00fablico, por meio da 29\u00aa Promotoria de [&hellip;]<\/p>\n","protected":false},"author":1,"featured_media":18172,"comment_status":"open","ping_status":"open","sticky":false,"template":"","format":"standard","meta":{"beyondwords_generate_audio":"","beyondwords_project_id":"","beyondwords_podcast_id":"","beyondwords_hash":"","beyondwords_error_message":"","beyondwords_disabled":"","publish_post_to_speechkit":"","speechkit_generate_audio":"","speechkit_project_id":"","speechkit_podcast_id":"","speechkit_hash":"","speechkit_error_message":"","speechkit_disabled":"","speechkit_access_key":"","speechkit_error":"","speechkit_info":"","speechkit_response":"","speechkit_retries":"","_speechkit_link":"","_speechkit_text":""},"categories":[51,81],"tags":[2999,7403,44,7404,1097,917,5951,187],"jetpack_featured_media_url":"","_links":{"self":[{"href":"https:\/\/pinews.com.br\/index.php\/wp-json\/wp\/v2\/posts\/18171"}],"collection":[{"href":"https:\/\/pinews.com.br\/index.php\/wp-json\/wp\/v2\/posts"}],"about":[{"href":"https:\/\/pinews.com.br\/index.php\/wp-json\/wp\/v2\/types\/post"}],"author":[{"embeddable":true,"href":"https:\/\/pinews.com.br\/index.php\/wp-json\/wp\/v2\/users\/1"}],"replies":[{"embeddable":true,"href":"https:\/\/pinews.com.br\/index.php\/wp-json\/wp\/v2\/comments?post=18171"}],"version-history":[{"count":0,"href":"https:\/\/pinews.com.br\/index.php\/wp-json\/wp\/v2\/posts\/18171\/revisions"}],"wp:featuredmedia":[{"embeddable":true,"href":"https:\/\/pinews.com.br\/index.php\/wp-json\/"}],"wp:attachment":[{"href":"https:\/\/pinews.com.br\/index.php\/wp-json\/wp\/v2\/media?parent=18171"}],"wp:term":[{"taxonomy":"category","embeddable":true,"href":"https:\/\/pinews.com.br\/index.php\/wp-json\/wp\/v2\/categories?post=18171"},{"taxonomy":"post_tag","embeddable":true,"href":"https:\/\/pinews.com.br\/index.php\/wp-json\/wp\/v2\/tags?post=18171"}],"curies":[{"name":"wp","href":"https:\/\/api.w.org\/{rel}","templated":true}]}}