{"id":18179,"date":"2021-01-31T11:28:23","date_gmt":"2021-01-31T14:28:23","guid":{"rendered":"https:\/\/pinews.com.br\/?p=18179"},"modified":"2021-01-31T11:28:23","modified_gmt":"2021-01-31T14:28:23","slug":"inscricoes-para-o-ifpi-terminam-neste-domingo-mais-de-4-mil-vagas","status":"publish","type":"post","link":"https:\/\/pinews.com.br\/index.php\/2021\/01\/31\/inscricoes-para-o-ifpi-terminam-neste-domingo-mais-de-4-mil-vagas\/","title":{"rendered":"Inscri\u00e7\u00f5es para o IFPI terminam neste domingo; mais de 4 mil vagas"},"content":{"rendered":"\n<p>Termina no domingo, 31, o prazo de inscri\u00e7\u00f5es para o Exame Classificat\u00f3rio do Instituto Federal do Piau\u00ed (IFPI). O processo seletivo d\u00e1 acesso aos cursos t\u00e9cnicos da institui\u00e7\u00e3o. S\u00e3o 4.365 vagas distribu\u00eddas pelos 20 campi do IFPI.<\/p>\n\n\n\n<p>Nesta edi\u00e7\u00e3o n\u00e3o haver\u00e1 prova escrita e a sele\u00e7\u00e3o ser\u00e1 feita com base no rendimento escolar dos candidatos nas disciplinas de L\u00edngua Portuguesa e Matem\u00e1tica.<\/p>\n\n\n\n<p>Os cursos t\u00e9cnicos do IFPI s\u00e3o gratuitos e ofertados em tr\u00eas formas: integrada ao ensino m\u00e9dio, para quem j\u00e1 concluiu ou est\u00e1 concluindo o ensino fundamental; concomitante, para quem vai cursar o ensino m\u00e9dio em outra institui\u00e7\u00e3o; e subsequente, para quem tiver conclu\u00eddo o ensino m\u00e9dio at\u00e9 a data da matr\u00edcula.<\/p>\n\n\n\n<p>Os interessados devem se inscrever, gratuitamente, pela internet, no endere\u00e7o eletr\u00f4nico&nbsp;<a href=\"https:\/\/selecao.ifpi.edu.br\/\">https:\/\/selecao.ifpi.edu.br<\/a>. Nesta edi\u00e7\u00e3o, n\u00e3o haver\u00e1 prova escrita e a sele\u00e7\u00e3o ser\u00e1 feita com base no rendimento escolar dos candidatos nas disciplinas de L\u00edngua Portuguesa e Matem\u00e1tica.<\/p>\n\n\n\n<p>No ato da inscri\u00e7\u00e3o o candidato dever\u00e1 preencher o formul\u00e1rio de inscri\u00e7\u00e3o, inserir a m\u00e9dia final de L\u00edngua Portuguesa e Matem\u00e1tica, de acordo com o edital, e anexar o boletim, hist\u00f3rico escolar ou declara\u00e7\u00e3o com m\u00e9dias, emitidos pela escola do candidato.<\/p>\n\n\n\n<p>O resultado preliminar ser\u00e1 divulgado no dia 10 de fevereiro de 2021.<\/p>\n\n\n\n<p><strong>Fonte: Cidade Verde<\/strong><\/p>\n","protected":false},"excerpt":{"rendered":"<p>Termina no domingo, 31, o prazo de inscri\u00e7\u00f5es para o Exame Classificat\u00f3rio do Instituto Federal do Piau\u00ed (IFPI). O processo seletivo d\u00e1 acesso aos cursos t\u00e9cnicos da institui\u00e7\u00e3o. S\u00e3o 4.365 vagas distribu\u00eddas pelos 20 campi do IFPI. Nesta edi\u00e7\u00e3o n\u00e3o haver\u00e1 prova escrita e a sele\u00e7\u00e3o ser\u00e1 feita com base no rendimento escolar dos candidatos [&hellip;]<\/p>\n","protected":false},"author":1,"featured_media":18180,"comment_status":"open","ping_status":"open","sticky":false,"template":"","format":"standard","meta":{"beyondwords_generate_audio":"","beyondwords_project_id":"","beyondwords_podcast_id":"","beyondwords_hash":"","beyondwords_error_message":"","beyondwords_disabled":"","publish_post_to_speechkit":"","speechkit_generate_audio":"","speechkit_project_id":"","speechkit_podcast_id":"","speechkit_hash":"","speechkit_error_message":"","speechkit_disabled":"","speechkit_access_key":"","speechkit_error":"","speechkit_info":"","speechkit_response":"","speechkit_retries":"","_speechkit_link":"","_speechkit_text":""},"categories":[51],"tags":[44,5680,7405,1186,76,109,5711,350,5639,6012],"jetpack_featured_media_url":"","_links":{"self":[{"href":"https:\/\/pinews.com.br\/index.php\/wp-json\/wp\/v2\/posts\/18179"}],"collection":[{"href":"https:\/\/pinews.com.br\/index.php\/wp-json\/wp\/v2\/posts"}],"about":[{"href":"https:\/\/pinews.com.br\/index.php\/wp-json\/wp\/v2\/types\/post"}],"author":[{"embeddable":true,"href":"https:\/\/pinews.com.br\/index.php\/wp-json\/wp\/v2\/users\/1"}],"replies":[{"embeddable":true,"href":"https:\/\/pinews.com.br\/index.php\/wp-json\/wp\/v2\/comments?post=18179"}],"version-history":[{"count":0,"href":"https:\/\/pinews.com.br\/index.php\/wp-json\/wp\/v2\/posts\/18179\/revisions"}],"wp:featuredmedia":[{"embeddable":true,"href":"https:\/\/pinews.com.br\/index.php\/wp-json\/"}],"wp:attachment":[{"href":"https:\/\/pinews.com.br\/index.php\/wp-json\/wp\/v2\/media?parent=18179"}],"wp:term":[{"taxonomy":"category","embeddable":true,"href":"https:\/\/pinews.com.br\/index.php\/wp-json\/wp\/v2\/categories?post=18179"},{"taxonomy":"post_tag","embeddable":true,"href":"https:\/\/pinews.com.br\/index.php\/wp-json\/wp\/v2\/tags?post=18179"}],"curies":[{"name":"wp","href":"https:\/\/api.w.org\/{rel}","templated":true}]}}