{"id":18264,"date":"2021-02-03T11:32:41","date_gmt":"2021-02-03T14:32:41","guid":{"rendered":"https:\/\/pinews.com.br\/?p=18264"},"modified":"2021-02-03T11:32:41","modified_gmt":"2021-02-03T14:32:41","slug":"populacao-pobre-tem-o-dobro-do-risco-de-ter-covid-19-no-brasil-revela-estudo","status":"publish","type":"post","link":"https:\/\/pinews.com.br\/index.php\/2021\/02\/03\/populacao-pobre-tem-o-dobro-do-risco-de-ter-covid-19-no-brasil-revela-estudo\/","title":{"rendered":"Popula\u00e7\u00e3o pobre tem o dobro do risco de ter Covid-19 no Brasil, revela estudo"},"content":{"rendered":"\n<p>A cidade de Teresina participa de uma pesquisa nacional coordenada pela Universidade Federal de S\u00e3o Paulo (UNIFESP) para tra\u00e7ar e quantificar o perfil das pessoas que contra\u00edram o novo coronav\u00edrus no Brasil. Atualmente, o estudo Inqu\u00e9rito Nacional de Soropreval\u00eancia de Acesso Expandido (EPICOVID-19 BR) est\u00e1 na quinta fase e ir\u00e1 aplicar 150 mil testes em 133 munic\u00edpios.&nbsp; Dado preliminar aponta que os mais pobres t\u00eam o dobro do risco de ter coronav\u00edrus no Brasil em compara\u00e7\u00e3o \u00e0s pessoas mais ricas no pa\u00eds.<\/p>\n\n\n\n<p>Para a realiza\u00e7\u00e3o do estudo, a UNIFESP est\u00e1 em parceria com laborat\u00f3rios pelo pa\u00eds. Em Teresina, o respons\u00e1vel pela pesquisa \u00e9 o farmac\u00eautico industrial, Sylvio Colonna Romano, presidente da Bioan\u00e1lise. A parceria para participar do projeto EPICOVID-19 surgiu pelo convite do laborat\u00f3rio Hermes Pardini, de Belo Horizonte.<\/p>\n\n\n\n<p>Na metodologia da pesquisa, Teresina foi dividida em 25 \u00e1reas, sendo que, em cada uma dessas \u00e1reas, pelo menos oito casas s\u00e3o visitadas pelos t\u00e9cnicos. Os t\u00e9cnicos conversam com os moradores e explicam a proposta da pesquisa. Caso os moradores aceitem, os question\u00e1rios e os exames s\u00e3o aplicados.<\/p>\n\n\n\n<p>Sobre Teresina, Sylvio Colonna comenta que a pesquisa foi iniciada no dia 26 de janeiro de 2021. \u201cHoje, dia 02 de fevereiro, j\u00e1 fizemos a pesquisa em 18 setores da cidade, restando apenas sete setores para serem cobertos. Em cada setor foram visitadas oito casas. Ainda n\u00e3o tenho o n\u00famero exato de testes realizados, pois em cada casa visitada o n\u00famero de moradores \u00e9 vari\u00e1vel, mas estimo que devemos ter realizado em torno de 600 a 700 testes\u201d.<\/p>\n\n\n\n<p>O estudo j\u00e1 est\u00e1 na quinta fase e, segundo o farmac\u00eautico, \u00e9 a mais importante, \u201cpois ser\u00e3o realizados 50% a mais de testes que nas quatro fases anteriores, em 133 munic\u00edpios do Brasil. Outro ponto importante \u00e9 que ela ocorre perto do final do primeiro ano de epidemia no Brasil e imediatamente antes do in\u00edcio da vacina\u00e7\u00e3o. Em Teresina dever\u00e3o ser realizados de 1.000 a 1.200 testes\u201d.<\/p>\n\n\n\n<p><strong>Dados preliminares&nbsp;<\/strong><\/p>\n\n\n\n<p>Os resultados preliminares da pesquisa mostram que a preval\u00eancia do v\u00edrus na popula\u00e7\u00e3o foi de 3,8%, que \u00e9 a m\u00e9dia geral do Brasil no final da terceira fase do estudo, diz Sylvio Romano. Al\u00e9m disso, a pesquisa tamb\u00e9m aponta que os mais pobres possuem maior chance de ter a doen\u00e7a do que os mais ricos.<\/p>\n\n\n\n<p>\u201cO contato da popula\u00e7\u00e3o com o v\u00edrus varia de regi\u00e3o para regi\u00e3o. Enquanto na regi\u00e3o Sul a preval\u00eancia \u00e9 de 1%, na regi\u00e3o Norte \u00e9 de 20% em m\u00e9dia. Outro dado importante da pesquisa mostra que os 20% mais pobres da popula\u00e7\u00e3o tem o dobro de chance de contrair o v\u00edrus que os 20% mais ricos\u201d, acrescenta.<br><strong>Participantes<\/strong><\/p>\n\n\n\n<p>A cabeleireira Elcineia Brito e a filha Vit\u00f3ria participaram da pesquisa. Elas j\u00e1 possem doen\u00e7as respirat\u00f3rios, como asma e renite, e, por isso, as medidas de preven\u00e7\u00e3o para n\u00e3o serem infectadas pelo novo coronav\u00edrus s\u00e3o redobradas.<\/p>\n\n\n\n<p>\u201cA gente fica com medo desse problema. N\u00e3o recebemos visitas, evitamos sair. \u00c9 se cuidar como pode. Eu acho muito importante que as pessoas tomem consci\u00eancia que essa doen\u00e7a n\u00e3o \u00e9 brincadeira\u201d, diz Elcineia.<\/p>\n\n\n\n<p>Elas receberam em casa uma equipe do laborat\u00f3rio de Teresina que colabora com a pesquisa coordenada em S\u00e3o Paulo.<br>Ao chegar na resid\u00eancia, o t\u00e9cnico de laborat\u00f3rio, Alex Cardoso, pergunta se os moradores gostariam de participar da pesquisa. O exame \u00e9 gratuito. \u201cA gente pergunta se eles querem participar, para saber se eles tiveram contato com o v\u00edrus, se j\u00e1 tem a imunidade. Se n\u00e3o tiverem, continuar tendo os cuidados necess\u00e1rios\u201d.<\/p>\n\n\n\n<p>A comerciante Rafaela da Luz tamb\u00e9m participou da pesquisa e fez a coleta do material. \u201cEles perguntam como \u00e9 a nossa higieniza\u00e7\u00e3o, se a gente j\u00e1 teve (a doen\u00e7a). Aqui eu n\u00e3o sei se j\u00e1 tive (a Covid-19) porque nunca tinha feito o teste. Agora estou tendo a oportunidade, gratuitamente\u201d.<\/p>\n\n\n\n<figure class=\"wp-block-embed-youtube wp-block-embed is-type-video is-provider-youtube wp-embed-aspect-16-9 wp-has-aspect-ratio\"><div class=\"wp-block-embed__wrapper\">\n<iframe loading=\"lazy\" title=\"Pesquisa tra\u00e7a perfil de pacientes com Covid, pobres est\u00e3o mais vulner\u00e1veis\" width=\"1170\" height=\"658\" src=\"https:\/\/www.youtube.com\/embed\/wezLGSFMb3Q?feature=oembed\" frameborder=\"0\" allow=\"accelerometer; autoplay; clipboard-write; encrypted-media; gyroscope; picture-in-picture; web-share\" allowfullscreen><\/iframe>\n<\/div><\/figure>\n\n\n\n<p><strong>Fonte: Carlienne Carpaso\/ Cidade Verde<\/strong><\/p>\n","protected":false},"excerpt":{"rendered":"<p>A cidade de Teresina participa de uma pesquisa nacional coordenada pela Universidade Federal de S\u00e3o Paulo (UNIFESP) para tra\u00e7ar e quantificar o perfil das pessoas que contra\u00edram o novo coronav\u00edrus no Brasil. Atualmente, o estudo Inqu\u00e9rito Nacional de Soropreval\u00eancia de Acesso Expandido (EPICOVID-19 BR) est\u00e1 na quinta fase e ir\u00e1 aplicar 150 mil testes em [&hellip;]<\/p>\n","protected":false},"author":1,"featured_media":18265,"comment_status":"open","ping_status":"open","sticky":false,"template":"","format":"standard","meta":{"beyondwords_generate_audio":"","beyondwords_project_id":"","beyondwords_podcast_id":"","beyondwords_hash":"","beyondwords_error_message":"","beyondwords_disabled":"","publish_post_to_speechkit":"","speechkit_generate_audio":"","speechkit_project_id":"","speechkit_podcast_id":"","speechkit_hash":"","speechkit_error_message":"","speechkit_disabled":"","speechkit_access_key":"","speechkit_error":"","speechkit_info":"","speechkit_response":"","speechkit_retries":"","_speechkit_link":"","_speechkit_text":""},"categories":[134],"tags":[1093,5307,44,7436,2356,7437,1914,5923,1356,60,521],"jetpack_featured_media_url":"","_links":{"self":[{"href":"https:\/\/pinews.com.br\/index.php\/wp-json\/wp\/v2\/posts\/18264"}],"collection":[{"href":"https:\/\/pinews.com.br\/index.php\/wp-json\/wp\/v2\/posts"}],"about":[{"href":"https:\/\/pinews.com.br\/index.php\/wp-json\/wp\/v2\/types\/post"}],"author":[{"embeddable":true,"href":"https:\/\/pinews.com.br\/index.php\/wp-json\/wp\/v2\/users\/1"}],"replies":[{"embeddable":true,"href":"https:\/\/pinews.com.br\/index.php\/wp-json\/wp\/v2\/comments?post=18264"}],"version-history":[{"count":0,"href":"https:\/\/pinews.com.br\/index.php\/wp-json\/wp\/v2\/posts\/18264\/revisions"}],"wp:featuredmedia":[{"embeddable":true,"href":"https:\/\/pinews.com.br\/index.php\/wp-json\/"}],"wp:attachment":[{"href":"https:\/\/pinews.com.br\/index.php\/wp-json\/wp\/v2\/media?parent=18264"}],"wp:term":[{"taxonomy":"category","embeddable":true,"href":"https:\/\/pinews.com.br\/index.php\/wp-json\/wp\/v2\/categories?post=18264"},{"taxonomy":"post_tag","embeddable":true,"href":"https:\/\/pinews.com.br\/index.php\/wp-json\/wp\/v2\/tags?post=18264"}],"curies":[{"name":"wp","href":"https:\/\/api.w.org\/{rel}","templated":true}]}}