{"id":18329,"date":"2021-02-05T11:56:05","date_gmt":"2021-02-05T14:56:05","guid":{"rendered":"https:\/\/pinews.com.br\/?p=18329"},"modified":"2021-02-05T11:56:05","modified_gmt":"2021-02-05T14:56:05","slug":"governo-antecipa-abono-salarial-para-nascidos-em-maio-e-junho","status":"publish","type":"post","link":"https:\/\/pinews.com.br\/index.php\/2021\/02\/05\/governo-antecipa-abono-salarial-para-nascidos-em-maio-e-junho\/","title":{"rendered":"Governo antecipa abono salarial para nascidos em maio e junho"},"content":{"rendered":"\n<p>O Conselho Deliberativo do Fundo de Amparo ao Trabalhador (Codefat) antecipou o pagamento do abono salarial 2020\/2021, ano-base 2019, para os trabalhadores da iniciativa privada nascidos em maio e junho. Os recursos, que estariam dispon\u00edveis apenas em 17 de mar\u00e7o, ser\u00e3o transferidos em 11 de fevereiro, junto com o pagamento daqueles nascidos em mar\u00e7o e abril.<img decoding=\"async\" src=\"https:\/\/agenciabrasil.ebc.com.br\/ebc.png?id=1400622&amp;o=node\"><img decoding=\"async\" src=\"https:\/\/agenciabrasil.ebc.com.br\/ebc.gif?id=1400622&amp;o=node\"><\/p>\n\n\n\n<p>A resolu\u00e7\u00e3o com o novo calend\u00e1rio foi publicada hoje (5) no&nbsp;<em><a href=\"https:\/\/www.in.gov.br\/en\/web\/dou\/-\/resolucao-n-895-de-4-de-fevereiro-de-2021-302544301\" target=\"_blank\" rel=\"noreferrer noopener\">Di\u00e1rio Oficial da Uni\u00e3o<\/a><\/em>.<\/p>\n\n\n\n<p>A Caixa Econ\u00f4mica Federal depositar\u00e1 o dinheiro na conta corrente informada pelo trabalhador ou na conta poupan\u00e7a digital, usada para pagar o aux\u00edlio emergencial, para quem n\u00e3o \u00e9 cliente do banco. As poupan\u00e7as digitais podem ser movimentadas pelo aplicativo Caixa Tem, que permite o pagamento de contas dom\u00e9sticas (\u00e1gua, luz, telefone e g\u00e1s), boletos banc\u00e1rios, compras com cart\u00e3o de d\u00e9bito virtual pela internet e compras com c\u00f3digo QR (vers\u00e3o avan\u00e7ada do c\u00f3digo de barras) em estabelecimentos parceiros.<\/p>\n\n\n\n<p>A resolu\u00e7\u00e3o desta sexta-feira tamb\u00e9m antecipa o pagamento do abono salarial para os funcion\u00e1rios p\u00fablicos ou trabalhadores de empresas estatais, nesse caso, o calend\u00e1rio \u00e9 de acordo com o d\u00edgito final do n\u00famero de inscri\u00e7\u00e3o do Programa de Forma\u00e7\u00e3o do Patrim\u00f4nio do Servidor P\u00fablico (Pasep). A partir de 11 de fevereiro, fica dispon\u00edvel o cr\u00e9dito para inscritos com final 6 e 7, como no calend\u00e1rio original, e para aqueles com final 8 e 9, que ser\u00e3o antecipados. O Pasep \u00e9 pago pelo Banco do Brasil.<\/p>\n\n\n\n<p>Para os trabalhadores que s\u00e3o correntista da Caixa, no caso do PIS, ou do Banco do Brasil para o Pasep, o cr\u00e9dito em conta ser\u00e1 feito a partir de 9 de fevereiro.<\/p>\n\n\n\n<p>Os trabalhadores que nasceram entre julho e dezembro receberam o abono salarial do Programa de Integra\u00e7\u00e3o Social (PIS) em 2020. Os nascidos em&nbsp;<a href=\"https:\/\/agenciabrasil.ebc.com.br\/economia\/noticia\/2021-01\/caixa-paga-abono-salarial-para-nascidos-em-janeiro-e-fevereiro\" target=\"_blank\" rel=\"noreferrer noopener\">janeiro e fevereiro<\/a>&nbsp;tiveram o recurso dispon\u00edvel para saque no m\u00eas passado.<\/p>\n\n\n\n<p>Os servidores p\u00fablicos com final de inscri\u00e7\u00e3o do Pasep entre 0 e 4 tamb\u00e9m receberam em 2020 e com final 5 em janeiro deste ano. O fechamento do calend\u00e1rio de pagamento do exerc\u00edcio 2020\/2021 acontece em 30 de junho.<\/p>\n\n\n\n<h2>Quem tem direito<\/h2>\n\n\n\n<p>Tem direito ao abono salarial 2020\/2021 o trabalhador inscrito no PIS h\u00e1 pelo menos cinco anos e que tenha trabalhado formalmente por pelo menos 30 dias em 2019, com remunera\u00e7\u00e3o mensal m\u00e9dia de at\u00e9 dois sal\u00e1rios m\u00ednimos. Tamb\u00e9m \u00e9 necess\u00e1rio que os dados tenham sido informados corretamente pelo empregador na Rela\u00e7\u00e3o Anual de Informa\u00e7\u00f5es Sociais (RAIS) ou e-Social, conforme categoria da empresa.<\/p>\n\n\n\n<p>Recebem o benef\u00edcio na Caixa os trabalhadores vinculados a entidades e empresas privadas. Em todo o calend\u00e1rio 2020\/2021, a Caixa deve disponibilizar R$ 15,8 bilh\u00f5es para 20,5 milh\u00f5es trabalhadores.<\/p>\n\n\n\n<p>As pessoas que trabalham no setor p\u00fablico t\u00eam inscri\u00e7\u00e3o no Pasep e recebem o benef\u00edcio no Banco do Brasil. Nesse caso, o benefici\u00e1rio pode optar por realizar transfer\u00eancia para conta de mesma titularidade em outras institui\u00e7\u00f5es financeiras, nos terminais de autoatendimento do BB ou no portal&nbsp;<a href=\"http:\/\/www.bb.com.br\/pasep\" target=\"_blank\" rel=\"noreferrer noopener\">www.bb.com.br\/pasep<\/a>, ou ainda efetuar o saque nos caixas das ag\u00eancias. Para o exerc\u00edcio atual, o banco identificou abono salarial para 2,7 milh\u00f5es de trabalhadores vinculados ao Pasep, totalizando R$ 2,57 bilh\u00f5es.<\/p>\n\n\n\n<h2>Abono 2019\/2020<\/h2>\n\n\n\n<p>Os trabalhadores que n\u00e3o sacaram o abono salarial do calend\u00e1rio anterior, de 2019\/2020, finalizado em 29 de maio do ano passado, ainda podem retirar os valores. O prazo vai at\u00e9 30 de junho deste ano e o saque pode ser feito nos canais de atendimento com cart\u00e3o e senha Cidad\u00e3o, ou nas ag\u00eancias da Caixa.<\/p>\n\n\n\n<p>A consulta sobre o direito ao benef\u00edcio, bem como ao valor \u00e0 disposi\u00e7\u00e3o, pode ser feita por meio do aplicativo Caixa Trabalhador, pelo atendimento Caixa ao Cidad\u00e3o (0800-726-0207) e no&nbsp;<a href=\"http:\/\/www.caixa.gov.br\/abonosalarial\" target=\"_blank\" rel=\"noreferrer noopener\"><em>site<\/em><\/a>.<\/p>\n\n\n\n<p>No caso do Pasep, os recursos ficam dispon\u00edveis para saque por cinco anos, contados do encerramento do exerc\u00edcio, de acordo com decis\u00e3o do Codefat. Os abonos n\u00e3o sacados s\u00e3o transferidos automaticamente para o pr\u00f3ximo exerc\u00edcio, sem necessidade de solicita\u00e7\u00e3o do trabalhador.<\/p>\n\n\n\n<p><strong>Fonte: Ag\u00eancia Brasil<\/strong><\/p>\n","protected":false},"excerpt":{"rendered":"<p>O Conselho Deliberativo do Fundo de Amparo ao Trabalhador (Codefat) antecipou o pagamento do abono salarial 2020\/2021, ano-base 2019, para os trabalhadores da iniciativa privada nascidos em maio e junho. Os recursos, que estariam dispon\u00edveis apenas em 17 de mar\u00e7o, ser\u00e3o transferidos em 11 de fevereiro, junto com o pagamento daqueles nascidos em mar\u00e7o e [&hellip;]<\/p>\n","protected":false},"author":1,"featured_media":15772,"comment_status":"open","ping_status":"open","sticky":false,"template":"","format":"standard","meta":{"beyondwords_generate_audio":"","beyondwords_project_id":"","beyondwords_podcast_id":"","beyondwords_hash":"","beyondwords_error_message":"","beyondwords_disabled":"","publish_post_to_speechkit":"","speechkit_generate_audio":"","speechkit_project_id":"","speechkit_podcast_id":"","speechkit_hash":"","speechkit_error_message":"","speechkit_disabled":"","speechkit_access_key":"","speechkit_error":"","speechkit_info":"","speechkit_response":"","speechkit_retries":"","_speechkit_link":"","_speechkit_text":""},"categories":[516,134],"tags":[3085,7463,46,458,1246,517,5341,350,3086],"jetpack_featured_media_url":"","_links":{"self":[{"href":"https:\/\/pinews.com.br\/index.php\/wp-json\/wp\/v2\/posts\/18329"}],"collection":[{"href":"https:\/\/pinews.com.br\/index.php\/wp-json\/wp\/v2\/posts"}],"about":[{"href":"https:\/\/pinews.com.br\/index.php\/wp-json\/wp\/v2\/types\/post"}],"author":[{"embeddable":true,"href":"https:\/\/pinews.com.br\/index.php\/wp-json\/wp\/v2\/users\/1"}],"replies":[{"embeddable":true,"href":"https:\/\/pinews.com.br\/index.php\/wp-json\/wp\/v2\/comments?post=18329"}],"version-history":[{"count":0,"href":"https:\/\/pinews.com.br\/index.php\/wp-json\/wp\/v2\/posts\/18329\/revisions"}],"wp:featuredmedia":[{"embeddable":true,"href":"https:\/\/pinews.com.br\/index.php\/wp-json\/"}],"wp:attachment":[{"href":"https:\/\/pinews.com.br\/index.php\/wp-json\/wp\/v2\/media?parent=18329"}],"wp:term":[{"taxonomy":"category","embeddable":true,"href":"https:\/\/pinews.com.br\/index.php\/wp-json\/wp\/v2\/categories?post=18329"},{"taxonomy":"post_tag","embeddable":true,"href":"https:\/\/pinews.com.br\/index.php\/wp-json\/wp\/v2\/tags?post=18329"}],"curies":[{"name":"wp","href":"https:\/\/api.w.org\/{rel}","templated":true}]}}