{"id":18331,"date":"2021-02-05T19:03:53","date_gmt":"2021-02-05T22:03:53","guid":{"rendered":"https:\/\/pinews.com.br\/?p=18331"},"modified":"2021-02-05T19:03:53","modified_gmt":"2021-02-05T22:03:53","slug":"jovem-em-estado-vegetativo-tem-beneficio-negado-no-piaui-apos-pericia-no-inss","status":"publish","type":"post","link":"https:\/\/pinews.com.br\/index.php\/2021\/02\/05\/jovem-em-estado-vegetativo-tem-beneficio-negado-no-piaui-apos-pericia-no-inss\/","title":{"rendered":"Jovem em estado vegetativo tem benef\u00edcio negado no Piau\u00ed ap\u00f3s per\u00edcia no INSS"},"content":{"rendered":"\n<p>O jovem Luzivan Silva Xavier, de 23 anos, que est\u00e1 em estado vegetativo h\u00e1 um ano ap\u00f3s um acidente de moto, teve o seu benef\u00edcio negado ap\u00f3s per\u00edcia realizada na ag\u00eancia do INSS em Oeiras-PI.<\/p>\n\n\n\n<p>Luzivan \u00e9 da cidade de Isaias Coelho\/MA&nbsp;e ficou na cidade piauiense ap\u00f3s sofrer um acidente de moto em que teve politraumatismo craniano grave, les\u00e3o renal aguda, sequelas cognitivas e motoras graves, ficando impossibilitado de andar e fazer suas necessidades, sendo totalmente dependente com necessidades de terceiros para atividades b\u00e1sicas, como alimenta\u00e7\u00e3o, higiene pessoal e locomo\u00e7\u00e3o, e consequentemente sem condi\u00e7\u00f5es para o trabalho e de responder por sua pessoa.<\/p>\n\n\n\n<figure class=\"wp-block-image\"><a href=\"https:\/\/storage.stwonline.com.br\/180graus\/uploads\/ckeditor\/pictures\/2420522\/012fe150-8dff-4d26-99fa-e83cc201f006-1-.jpg\"><img decoding=\"async\" src=\"https:\/\/storage.stwonline.com.br\/180graus\/uploads\/ckeditor\/pictures\/2420522\/012fe150-8dff-4d26-99fa-e83cc201f006-1-.jpg\" alt=\"\"\/><\/a><figcaption>&nbsp;&nbsp;&nbsp;Arquivo pessoal<\/figcaption><\/figure>\n\n\n\n<p>A fam\u00edlia o trouxe a Oeiras para uma per\u00edcia junto ao INSS no dia 11 de novembro. Devido ao seu estado, o jovem teve que vir de maca, sendo esta a \u00fanica forma de fazer o translado. Por\u00e9m, depois de dois meses o beneficio foi negado.<\/p>\n\n\n\n<p>Familiares e amigos esperavam pela aprova\u00e7\u00e3o do benef\u00edcio, visto que os gastos com medicamentos e alimenta\u00e7\u00e3o s\u00e3o altos. Uma nova per\u00edcia ser\u00e1 feita e eles esperam que desta vez seja aprovada. Enquanto isso, os amigos e a fam\u00edlia est\u00e3o arrecadando recursos atrav\u00e9s de uma vaquinha virtual, para que possam arcar com as despesas.<\/p>\n\n\n\n<p>Os interessados em ajudar podem acessar a vaquinha virtual&nbsp;<a href=\"https:\/\/www.vakinha.com.br\/vaquinha\/vaquinha-para-luzivam\" target=\"_blank\" rel=\"noreferrer noopener\"><strong>clicando aqui<\/strong><\/a>. A ajuda tamb\u00e9m pode ser feita atrav\u00e9s da conta da Caixa Econ\u00f4mica Federal, ag\u00eancia 0639, opera\u00e7\u00e3o 013, conta 25907-8, titular da conta Ivineide Lusia Xavier.<\/p>\n\n\n\n<p><strong>Fonte: Mural da Vila<\/strong><\/p>\n","protected":false},"excerpt":{"rendered":"<p>O jovem Luzivan Silva Xavier, de 23 anos, que est\u00e1 em estado vegetativo h\u00e1 um ano ap\u00f3s um acidente de moto, teve o seu benef\u00edcio negado ap\u00f3s per\u00edcia realizada na ag\u00eancia do INSS em Oeiras-PI. Luzivan \u00e9 da cidade de Isaias Coelho\/MA&nbsp;e ficou na cidade piauiense ap\u00f3s sofrer um acidente de moto em que teve [&hellip;]<\/p>\n","protected":false},"author":1,"featured_media":18332,"comment_status":"open","ping_status":"open","sticky":false,"template":"","format":"standard","meta":{"beyondwords_generate_audio":"","beyondwords_project_id":"","beyondwords_podcast_id":"","beyondwords_hash":"","beyondwords_error_message":"","beyondwords_disabled":"","publish_post_to_speechkit":"","speechkit_generate_audio":"","speechkit_project_id":"","speechkit_podcast_id":"","speechkit_hash":"","speechkit_error_message":"","speechkit_disabled":"","speechkit_access_key":"","speechkit_error":"","speechkit_info":"","speechkit_response":"","speechkit_retries":"","_speechkit_link":"","_speechkit_text":""},"categories":[51],"tags":[70,6434,46,1015,1138,266,1927,5569,52,60,7464],"jetpack_featured_media_url":"","_links":{"self":[{"href":"https:\/\/pinews.com.br\/index.php\/wp-json\/wp\/v2\/posts\/18331"}],"collection":[{"href":"https:\/\/pinews.com.br\/index.php\/wp-json\/wp\/v2\/posts"}],"about":[{"href":"https:\/\/pinews.com.br\/index.php\/wp-json\/wp\/v2\/types\/post"}],"author":[{"embeddable":true,"href":"https:\/\/pinews.com.br\/index.php\/wp-json\/wp\/v2\/users\/1"}],"replies":[{"embeddable":true,"href":"https:\/\/pinews.com.br\/index.php\/wp-json\/wp\/v2\/comments?post=18331"}],"version-history":[{"count":0,"href":"https:\/\/pinews.com.br\/index.php\/wp-json\/wp\/v2\/posts\/18331\/revisions"}],"wp:featuredmedia":[{"embeddable":true,"href":"https:\/\/pinews.com.br\/index.php\/wp-json\/"}],"wp:attachment":[{"href":"https:\/\/pinews.com.br\/index.php\/wp-json\/wp\/v2\/media?parent=18331"}],"wp:term":[{"taxonomy":"category","embeddable":true,"href":"https:\/\/pinews.com.br\/index.php\/wp-json\/wp\/v2\/categories?post=18331"},{"taxonomy":"post_tag","embeddable":true,"href":"https:\/\/pinews.com.br\/index.php\/wp-json\/wp\/v2\/tags?post=18331"}],"curies":[{"name":"wp","href":"https:\/\/api.w.org\/{rel}","templated":true}]}}