{"id":18372,"date":"2021-02-07T19:16:08","date_gmt":"2021-02-07T22:16:08","guid":{"rendered":"https:\/\/pinews.com.br\/?p=18372"},"modified":"2021-02-07T19:16:08","modified_gmt":"2021-02-07T22:16:08","slug":"piaui-recebe-mais-366-mil-doses-da-coronavac-e-vai-vacinar-idosos-com-mais-de-90-anos-contra-a-covid","status":"publish","type":"post","link":"https:\/\/pinews.com.br\/index.php\/2021\/02\/07\/piaui-recebe-mais-366-mil-doses-da-coronavac-e-vai-vacinar-idosos-com-mais-de-90-anos-contra-a-covid\/","title":{"rendered":"Piau\u00ed recebe mais 36,6 mil doses da Coronavac e vai vacinar idosos com mais de 90 anos contra a Covid"},"content":{"rendered":"\n<p>Munic\u00edpios do Piau\u00ed poder\u00e3o iniciar a vacina\u00e7\u00e3o de idosos com mais de 90 anos a partir desta segunda-feira (8), de acordo com a Secretaria Estadual de Sa\u00fade (Sesapi). Neste domingo (7), o estado recebeu mais 36.600 doses do imunizante da Sinovac\/Butantan.<\/p>\n\n\n\n<p>A Secretaria de Estado da Sa\u00fade (Sesapi), por meio da Coordena\u00e7\u00e3o de Imuniza\u00e7\u00e3o, informou que come\u00e7ar\u00e1 a distribui\u00e7\u00e3o das novas doses nesta segunda-feira (8) para as regionais de sa\u00fade, que far\u00e3o a entrega aos 224 munic\u00edpios. A aeronave com as novas doses chegou ao aeroporto de Teresina por volta das 16h30.<\/p>\n\n\n\n<figure class=\"wp-block-image\"><img decoding=\"async\" src=\"https:\/\/s2.glbimg.com\/N4_bhpxilzCKsz_fHe3uJISL9MU=\/0x0:1280x720\/984x0\/smart\/filters:strip_icc()\/i.s3.glbimg.com\/v1\/AUTH_59edd422c0c84a879bd37670ae4f538a\/internal_photos\/bs\/2021\/1\/j\/Hq1XcGSRSbSTVjj8S3jw\/vacina.jpg\" alt=\"Piau\u00ed recebe mais 36,6 mil doses da Sinovac\/Butantan \u2014 Foto: Reprodu\u00e7\u00e3o\/TV Clube\"\/><figcaption>Piau\u00ed recebe mais 36,6 mil doses da Sinovac\/Butantan \u2014 Foto: Reprodu\u00e7\u00e3o\/TV Clube<\/figcaption><\/figure>\n\n\n\n<blockquote class=\"wp-block-quote\"><p>\u201cEstamos trabalhando para que ainda nesta segunda-feira todas as regionais estejam com as vacinas para distribuir a cada munic\u00edpio, possibilitando o in\u00edcio da vacina\u00e7\u00e3o\u201d, disse o secret\u00e1rio Florentino Neto.<\/p><\/blockquote>\n\n\n\n<p>Com as novas doses, segundo a Secretaria, ser\u00e1 poss\u00edvel atingir 73% dos trabalhadores da sa\u00fade e&nbsp;vacinar 12.132 idosos com mais de 90 anos em todo o estado. O Piau\u00ed ainda n\u00e3o havia iniciado a vacina\u00e7\u00e3o de idosos, segundo as autoridades, porque \u00e9 grande o n\u00famero de profissionais de sa\u00fade.<\/p>\n\n\n\n<p>De acordo com a Sesapi, at\u00e9 o momento, mais de 40 mil trabalhadores da \u00e1rea da sa\u00fade foram contemplados, com a primeira dose das vacinas Sinovac\/Butantan e Oxford\/AstraZeneca. At\u00e9 o momento,&nbsp;os grupos vacinados no Piau\u00ed incluem profissionais da sa\u00fade, idosos em abrigos e pessoas com defici\u00eancia em abrigos.<\/p>\n\n\n\n<figure class=\"wp-block-image\"><img decoding=\"async\" src=\"https:\/\/s2.glbimg.com\/kfNsoyKr4EeRJRmUsjAwbsNCmQ8=\/0x0:800x534\/984x0\/smart\/filters:strip_icc()\/i.s3.glbimg.com\/v1\/AUTH_59edd422c0c84a879bd37670ae4f538a\/internal_photos\/bs\/2021\/b\/V\/jRy5zGSJO3qdtEAiUIPA\/whatsapp-image-2021-01-27-at-11.17.51.jpeg\" alt=\"Piau\u00ed deve iniciar vacina\u00e7\u00e3o contra Covid em idosos com mais de 90 anos \u2014 Foto: Divulga\u00e7\u00e3o\"\/><figcaption>Piau\u00ed deve iniciar vacina\u00e7\u00e3o contra Covid em idosos com mais de 90 anos \u2014 Foto: Divulga\u00e7\u00e3o<\/figcaption><\/figure>\n\n\n\n<p>Em Recife, Pernambuco, a imuniza\u00e7\u00e3o para idosos com 85 anos come\u00e7ou no dia 26 de janeiro. No dia 27 de janeiro, Fortaleza, no Cear\u00e1, come\u00e7ou a vacinar idosos com mais de 75 anos de idade. Em Manaus, Amazonas, que vive uma situa\u00e7\u00e3o de colapso na sa\u00fade devido \u00e0 pandemia do coronav\u00edrus, iniciou a imuniza\u00e7\u00e3o dos idosos com 80 anos no dia 29 de janeiro.<\/p>\n\n\n\n<p>O Minist\u00e9rio da Sa\u00fade, em nota t\u00e9cnica, comunicou a continuidade da vacina\u00e7\u00e3o dos trabalhadores de sa\u00fade e optou por&nbsp;ampliar&nbsp;a popula\u00e7\u00e3o utilizando os&nbsp;crit\u00e9rios de riscos de agravamento, \u00f3bito pela Covid-19 e de vulnerabilidade social.<\/p>\n\n\n\n<h2>Vacina\u00e7\u00e3o em Teresina<\/h2>\n\n\n\n<p>A Funda\u00e7\u00e3o Municipal de Sa\u00fade informou que, ap\u00f3s recebimento do total de doses vai analisar a estrat\u00e9gia mais eficiente para a distribui\u00e7\u00e3o e imuniza\u00e7\u00e3o dos grupos priorit\u00e1rios, seguindo a recomenda\u00e7\u00e3o do Minist\u00e9rio da Sa\u00fade, que&nbsp;inclui idosos com mais de 90 anos.<\/p>\n\n\n\n<p>Contudo, isso n\u00e3o deve iniciar nesta segunda-feira (8), porque h\u00e1 outros grupos para serem vacinados antes, como explicou o presidente da FMS, Gilberto Albuquerque. Segundo ele, ainda h\u00e1 26% dos profissionais de sa\u00fade que n\u00e3o foram imunizados.<\/p>\n\n\n\n<blockquote class=\"wp-block-quote\"><p>&#8220;Vacinaremos os profissionais de sa\u00fade que est\u00e3o faltando e os acamados, faremos em domic\u00edlio, depois faremos a vacina nos que podem se deslocar aos pontos de apoio&#8221;, informou o presidente.<\/p><\/blockquote>\n\n\n\n<h2>Trabalhadores de sa\u00fade continuam sendo prioridade<\/h2>\n\n\n\n<p>O secret\u00e1rio de Sa\u00fade do estado destacou que as realidades dos munic\u00edpios s\u00e3o distintas, assim como as redes assistenciais. \u201cH\u00e1 locais que j\u00e1 est\u00e3o vacinando a aten\u00e7\u00e3o prim\u00e1ria e j\u00e1 completaram a linha de frente da Covid-19, as UTIs, emerg\u00eancias e, com isso, a recomenda\u00e7\u00e3o \u00e9 continuar avan\u00e7ando em outras estrat\u00e9gias para prote\u00e7\u00e3o dos trabalhadores de sa\u00fade&#8221;, afirmou.<\/p>\n\n\n\n<p>&#8220;\u00c9 importante priorizar aqueles que est\u00e3o diretamente mobilizados na assist\u00eancia aos pacientes da Covid-19 e planejar as outras \u00e1reas, de acordo com a disponibilidade das doses que est\u00e3o sendo enviadas de forma gradativa pelo Minist\u00e9rio da Sa\u00fade&#8221;, disse o secret\u00e1rio.<\/p>\n\n\n\n<h2>Duas doses da mesma vacina<\/h2>\n\n\n\n<p>De acordo com o superintendente de Aten\u00e7\u00e3o B\u00e1sica, Herlon Guimar\u00e3es, estudos t\u00e9cnico-cient\u00edficos apontam sobre a import\u00e2ncia de que seja aplicado o mesmo imunobiol\u00f3gico na primeira e segunda dose.<\/p>\n\n\n\n<p>\u201cO Piau\u00ed tem observado essa orienta\u00e7\u00e3o ao fazer a op\u00e7\u00e3o de guardar a segunda dose na Rede de Frio para posterior distribui\u00e7\u00e3o. Por isso, de todas as remessas recebidas at\u00e9 agora no estado, \u00e9 distribu\u00edda a quantidade necess\u00e1ria apenas para a primeira dose\u201d, afirmou.<\/p>\n\n\n\n<h2>Casos de Covid-19 no Piau\u00ed<\/h2>\n\n\n\n<p>Os casos confirmados no estado somam 161.336 distribu\u00eddos em todos os munic\u00edpios piauienses. J\u00e1 os \u00f3bitos pelo novo coronav\u00edrus chegam a 3.112 e foram registrados em 207 munic\u00edpios. At\u00e9 agora, morreram 1.823 homens e 1.289 mulheres.<\/p>\n\n\n\n<p>A Sesapi estima que 157.757 pessoas j\u00e1 est\u00e3o recuperadas ou seguem em acompanhamento (casos registradas nos \u00faltimos 14 dias) que n\u00e3o necessitaram de interna\u00e7\u00e3o ou evolu\u00edram para morte.<\/p>\n\n\n\n<h2>Campanha de vacina\u00e7\u00e3o<\/h2>\n\n\n\n<p>At\u00e9 o momento, o vacin\u00f4metro, ferramenta para acompanhar a evolu\u00e7\u00e3o da campanha de vacina\u00e7\u00e3o contra a Covid-19 no Piau\u00ed, aponta que mais de&nbsp;45 mil pessoas j\u00e1 receberam a primeira dose da vacina&nbsp;no estado, totalizando pouco mais de 1% da popula\u00e7\u00e3o, que \u00e9 de 3,2 milh\u00f5es de pessoas.<\/p>\n\n\n\n<p>Os dados s\u00e3o atualizados a cada 15 minutos a partir da inser\u00e7\u00e3o de registros no sistema de informa\u00e7\u00e3o da campanha pelos estabelecimentos de sa\u00fade.<\/p>\n\n\n\n<p><strong>Fonte: G1 PI<\/strong><\/p>\n","protected":false},"excerpt":{"rendered":"<p>Munic\u00edpios do Piau\u00ed poder\u00e3o iniciar a vacina\u00e7\u00e3o de idosos com mais de 90 anos a partir desta segunda-feira (8), de acordo com a Secretaria Estadual de Sa\u00fade (Sesapi). Neste domingo (7), o estado recebeu mais 36.600 doses do imunizante da Sinovac\/Butantan. A Secretaria de Estado da Sa\u00fade (Sesapi), por meio da Coordena\u00e7\u00e3o de Imuniza\u00e7\u00e3o, informou [&hellip;]<\/p>\n","protected":false},"author":1,"featured_media":18373,"comment_status":"open","ping_status":"open","sticky":false,"template":"","format":"standard","meta":{"beyondwords_generate_audio":"","beyondwords_project_id":"","beyondwords_podcast_id":"","beyondwords_hash":"","beyondwords_error_message":"","beyondwords_disabled":"","publish_post_to_speechkit":"","speechkit_generate_audio":"","speechkit_project_id":"","speechkit_podcast_id":"","speechkit_hash":"","speechkit_error_message":"","speechkit_disabled":"","speechkit_access_key":"","speechkit_error":"","speechkit_info":"","speechkit_response":"","speechkit_retries":"","_speechkit_link":"","_speechkit_text":""},"categories":[51,1288],"tags":[7477,7478,82,294,6229,2406,122,44,6230,495,76,109,52,2962,6763,1089],"jetpack_featured_media_url":"","_links":{"self":[{"href":"https:\/\/pinews.com.br\/index.php\/wp-json\/wp\/v2\/posts\/18372"}],"collection":[{"href":"https:\/\/pinews.com.br\/index.php\/wp-json\/wp\/v2\/posts"}],"about":[{"href":"https:\/\/pinews.com.br\/index.php\/wp-json\/wp\/v2\/types\/post"}],"author":[{"embeddable":true,"href":"https:\/\/pinews.com.br\/index.php\/wp-json\/wp\/v2\/users\/1"}],"replies":[{"embeddable":true,"href":"https:\/\/pinews.com.br\/index.php\/wp-json\/wp\/v2\/comments?post=18372"}],"version-history":[{"count":0,"href":"https:\/\/pinews.com.br\/index.php\/wp-json\/wp\/v2\/posts\/18372\/revisions"}],"wp:featuredmedia":[{"embeddable":true,"href":"https:\/\/pinews.com.br\/index.php\/wp-json\/"}],"wp:attachment":[{"href":"https:\/\/pinews.com.br\/index.php\/wp-json\/wp\/v2\/media?parent=18372"}],"wp:term":[{"taxonomy":"category","embeddable":true,"href":"https:\/\/pinews.com.br\/index.php\/wp-json\/wp\/v2\/categories?post=18372"},{"taxonomy":"post_tag","embeddable":true,"href":"https:\/\/pinews.com.br\/index.php\/wp-json\/wp\/v2\/tags?post=18372"}],"curies":[{"name":"wp","href":"https:\/\/api.w.org\/{rel}","templated":true}]}}