{"id":18421,"date":"2021-02-09T11:33:59","date_gmt":"2021-02-09T14:33:59","guid":{"rendered":"https:\/\/pinews.com.br\/?p=18421"},"modified":"2021-02-09T11:33:59","modified_gmt":"2021-02-09T14:33:59","slug":"prf-apreende-carga-de-madeira-ilegal-na-br-230-em-oeiras","status":"publish","type":"post","link":"https:\/\/pinews.com.br\/index.php\/2021\/02\/09\/prf-apreende-carga-de-madeira-ilegal-na-br-230-em-oeiras\/","title":{"rendered":"PRF apreende carga de madeira ilegal na BR 230 em Oeiras"},"content":{"rendered":"\n<p>Um caminh\u00e3o Mercedes-Benz 1620 carregado de maneira foi parado no KM 13, logo depois do posto Guida da BR 230, sentido Floriano x Oeiras, e teve a sua carga apreendida pela Pol\u00edcia Rodovi\u00e1ria Federal no in\u00edcio da noite desta segunda-feira (08).<\/p>\n\n\n\n<p>O caminh\u00e3o tinha sa\u00eddo da localidade Alto Sereno e tinha como destino o KM 06, da PI 143, rodovia estadual que liga Oeiras a Col\u00f4nia do Piau\u00ed, mas precisamente da Cer\u00e2mica Vit\u00f3ria.<\/p>\n\n\n\n<p>A madeira tinha como finalidade a queima para processamento de carv\u00e3o natural e n\u00e3o era oriunda de preserva\u00e7\u00e3o ambiental, mas por n\u00e3o ter a documenta\u00e7\u00e3o necess\u00e1ria a PRF apreendeu a carga.<\/p>\n\n\n\n<p>O ve\u00edculo est\u00e1 ao lado da Delegacia Regional de Oeiras e aguarda uma posi\u00e7\u00e3o do delegado para saber qual ser\u00e1 o destino da mesma.<\/p>\n\n\n\n<p><strong>Fonte: Oeiras em Foco<\/strong><\/p>\n","protected":false},"excerpt":{"rendered":"<p>Um caminh\u00e3o Mercedes-Benz 1620 carregado de maneira foi parado no KM 13, logo depois do posto Guida da BR 230, sentido Floriano x Oeiras, e teve a sua carga apreendida pela Pol\u00edcia Rodovi\u00e1ria Federal no in\u00edcio da noite desta segunda-feira (08). O caminh\u00e3o tinha sa\u00eddo da localidade Alto Sereno e tinha como destino o KM [&hellip;]<\/p>\n","protected":false},"author":1,"featured_media":18422,"comment_status":"open","ping_status":"open","sticky":false,"template":"","format":"standard","meta":{"beyondwords_generate_audio":"","beyondwords_project_id":"","beyondwords_podcast_id":"","beyondwords_hash":"","beyondwords_error_message":"","beyondwords_disabled":"","publish_post_to_speechkit":"","speechkit_generate_audio":"","speechkit_project_id":"","speechkit_podcast_id":"","speechkit_hash":"","speechkit_error_message":"","speechkit_disabled":"","speechkit_access_key":"","speechkit_error":"","speechkit_info":"","speechkit_response":"","speechkit_retries":"","_speechkit_link":"","_speechkit_text":""},"categories":[51],"tags":[5389,105,403,100,44,46,101,102,91,1266,104],"jetpack_featured_media_url":"","_links":{"self":[{"href":"https:\/\/pinews.com.br\/index.php\/wp-json\/wp\/v2\/posts\/18421"}],"collection":[{"href":"https:\/\/pinews.com.br\/index.php\/wp-json\/wp\/v2\/posts"}],"about":[{"href":"https:\/\/pinews.com.br\/index.php\/wp-json\/wp\/v2\/types\/post"}],"author":[{"embeddable":true,"href":"https:\/\/pinews.com.br\/index.php\/wp-json\/wp\/v2\/users\/1"}],"replies":[{"embeddable":true,"href":"https:\/\/pinews.com.br\/index.php\/wp-json\/wp\/v2\/comments?post=18421"}],"version-history":[{"count":0,"href":"https:\/\/pinews.com.br\/index.php\/wp-json\/wp\/v2\/posts\/18421\/revisions"}],"wp:featuredmedia":[{"embeddable":true,"href":"https:\/\/pinews.com.br\/index.php\/wp-json\/"}],"wp:attachment":[{"href":"https:\/\/pinews.com.br\/index.php\/wp-json\/wp\/v2\/media?parent=18421"}],"wp:term":[{"taxonomy":"category","embeddable":true,"href":"https:\/\/pinews.com.br\/index.php\/wp-json\/wp\/v2\/categories?post=18421"},{"taxonomy":"post_tag","embeddable":true,"href":"https:\/\/pinews.com.br\/index.php\/wp-json\/wp\/v2\/tags?post=18421"}],"curies":[{"name":"wp","href":"https:\/\/api.w.org\/{rel}","templated":true}]}}