{"id":18471,"date":"2021-02-11T10:19:18","date_gmt":"2021-02-11T13:19:18","guid":{"rendered":"https:\/\/pinews.com.br\/?p=18471"},"modified":"2021-02-11T10:19:18","modified_gmt":"2021-02-11T13:19:18","slug":"governador-se-afasta-para-cirurgia-e-diz-que-piaui-fica-em-boas-maos","status":"publish","type":"post","link":"https:\/\/pinews.com.br\/index.php\/2021\/02\/11\/governador-se-afasta-para-cirurgia-e-diz-que-piaui-fica-em-boas-maos\/","title":{"rendered":"Governador se afasta para cirurgia e diz que Piau\u00ed: \u201cfica em boas m\u00e3os\u201d"},"content":{"rendered":"\n<p>A vice-governadora, Regina Sousa, assumiu ontem (10) o governo ap\u00f3s afastamento do governador Wellington Dias (PT). Ele pediu licen\u00e7a m\u00e9dica por 10 dias para fazer uma cirurgia nos olhos.&nbsp;<\/p>\n\n\n\n<p>Ao entregar o cargo, o governador disse que o Piau\u00ed \u201cfica em boas m\u00e3os\u201d e que Regina Sousa conhece a governan\u00e7a do estado.&nbsp;<\/p>\n\n\n\n<p>O retorno do governador est\u00e1 programado para o dia 22 de fevereiro.<\/p>\n\n\n\n<p>Em sua rede social, o governador publicou:&nbsp;<\/p>\n\n\n\n<p>\u201cJovens, precisarei passar por um procedimento cir\u00fargico amanh\u00e3 cedo. Durante a breve licen\u00e7a, o @governodopiaui estar\u00e1 nas m\u00e3os capazes da nossa vice-governadora Regina Sousa. Logo estarei de volta\u201d.<\/p>\n\n\n\n<p>Uma das primeiras miss\u00f5es de Regina Sousa \u00e9 participar de uma reuni\u00e3o do F\u00f3rum dos Governadores do Pa\u00eds com o presidente da C\u00e2mara Federal, Rodrigo Pacheco e do Senado Arthur Lira sobre a vacina\u00e7\u00e3o contra a Covid-19, aux\u00edlio emergencial e retomada da economia. A reuni\u00e3o est\u00e1 marcada para a sexta-feira (12) e ser\u00e1 comandada pelo governador do Distrito Federal, Ibaneis Rocha (MDB).&nbsp; A reuni\u00e3o foi solicitada pelo governador Wellington Dias (PT), presidente do Cons\u00f3rcio Nordeste e coordena pelos governadores di\u00e1logos sobre a vacina\u00e7\u00e3o no Pa\u00eds.&nbsp;<\/p>\n\n\n\n<p>O governador j\u00e1 realizou a cirurgia hoje pela manh\u00e3 e dever\u00e1 seguir o tratamento em sua resid\u00eancia.&nbsp;<\/p>\n\n\n\n<figure class=\"wp-block-image\"><img decoding=\"async\" src=\"https:\/\/cidadeverde.com\/assets\/uploads\/noticias\/ba59a31a1fd715cdc5f5dd96ae47944e.jpg\" alt=\"\"\/><figcaption>Foto: Reprodu\u00e7\u00e3o<\/figcaption><\/figure>\n\n\n\n<figure class=\"wp-block-image\"><img decoding=\"async\" src=\"https:\/\/cidadeverde.com\/assets\/uploads\/noticias\/c66dec822c33d73bc61b96eb176b5352.jpg\" alt=\"\"\/><figcaption>Foto: Reprodu\u00e7\u00e3o<\/figcaption><\/figure>\n\n\n\n<p><strong>Documento enviado a C\u00e2mara e o Senado Federal:<\/strong><\/p>\n\n\n\n<figure class=\"wp-block-image\"><img decoding=\"async\" src=\"https:\/\/cidadeverde.com\/assets\/uploads\/noticias\/8197376472fbac8faa0adc3ee1c66366.jpg\" alt=\"\"\/><\/figure>\n\n\n\n<p><strong>Fonte: Flash Yala Sena\/ Cidade Verde<\/strong><\/p>\n","protected":false},"excerpt":{"rendered":"<p>A vice-governadora, Regina Sousa, assumiu ontem (10) o governo ap\u00f3s afastamento do governador Wellington Dias (PT). Ele pediu licen\u00e7a m\u00e9dica por 10 dias para fazer uma cirurgia nos olhos.&nbsp; Ao entregar o cargo, o governador disse que o Piau\u00ed \u201cfica em boas m\u00e3os\u201d e que Regina Sousa conhece a governan\u00e7a do estado.&nbsp; O retorno do [&hellip;]<\/p>\n","protected":false},"author":1,"featured_media":18472,"comment_status":"open","ping_status":"open","sticky":false,"template":"","format":"standard","meta":{"beyondwords_generate_audio":"","beyondwords_project_id":"","beyondwords_podcast_id":"","beyondwords_hash":"","beyondwords_error_message":"","beyondwords_disabled":"","publish_post_to_speechkit":"","speechkit_generate_audio":"","speechkit_project_id":"","speechkit_podcast_id":"","speechkit_hash":"","speechkit_error_message":"","speechkit_disabled":"","speechkit_access_key":"","speechkit_error":"","speechkit_info":"","speechkit_response":"","speechkit_retries":"","_speechkit_link":"","_speechkit_text":""},"categories":[51,1201],"tags":[5774,7085,181,683,46,160,2310,1926,350,52,129],"jetpack_featured_media_url":"","_links":{"self":[{"href":"https:\/\/pinews.com.br\/index.php\/wp-json\/wp\/v2\/posts\/18471"}],"collection":[{"href":"https:\/\/pinews.com.br\/index.php\/wp-json\/wp\/v2\/posts"}],"about":[{"href":"https:\/\/pinews.com.br\/index.php\/wp-json\/wp\/v2\/types\/post"}],"author":[{"embeddable":true,"href":"https:\/\/pinews.com.br\/index.php\/wp-json\/wp\/v2\/users\/1"}],"replies":[{"embeddable":true,"href":"https:\/\/pinews.com.br\/index.php\/wp-json\/wp\/v2\/comments?post=18471"}],"version-history":[{"count":0,"href":"https:\/\/pinews.com.br\/index.php\/wp-json\/wp\/v2\/posts\/18471\/revisions"}],"wp:featuredmedia":[{"embeddable":true,"href":"https:\/\/pinews.com.br\/index.php\/wp-json\/"}],"wp:attachment":[{"href":"https:\/\/pinews.com.br\/index.php\/wp-json\/wp\/v2\/media?parent=18471"}],"wp:term":[{"taxonomy":"category","embeddable":true,"href":"https:\/\/pinews.com.br\/index.php\/wp-json\/wp\/v2\/categories?post=18471"},{"taxonomy":"post_tag","embeddable":true,"href":"https:\/\/pinews.com.br\/index.php\/wp-json\/wp\/v2\/tags?post=18471"}],"curies":[{"name":"wp","href":"https:\/\/api.w.org\/{rel}","templated":true}]}}