{"id":18562,"date":"2021-02-15T18:53:21","date_gmt":"2021-02-15T21:53:21","guid":{"rendered":"https:\/\/pinews.com.br\/?p=18562"},"modified":"2021-02-15T18:53:21","modified_gmt":"2021-02-15T21:53:21","slug":"irmao-e-preso-suspeito-de-participar-da-morte-de-advogada-no-piaui","status":"publish","type":"post","link":"https:\/\/pinews.com.br\/index.php\/2021\/02\/15\/irmao-e-preso-suspeito-de-participar-da-morte-de-advogada-no-piaui\/","title":{"rendered":"Irm\u00e3o \u00e9 preso suspeito de participar da morte de advogada no Piau\u00ed"},"content":{"rendered":"\n<p>O delegado Francisco Baretta, coordenador do Departamento de Homic\u00eddios e Prote\u00e7\u00e3o \u00e0 Pessoa (DHPP), confirmou no in\u00edcio da tarde desta segunda-feira (15), que foi preso em Pedro II um irm\u00e3o da advogada Izadora Santos Mour\u00e3o, de 41 anos, morta a golpes de faca no \u00faltimo s\u00e1bado. Ele \u00e9 suspeito de participar do crime.<\/p>\n\n\n\n<p>&#8220;O delegado est\u00e1 fazendo as dilig\u00eancias. Ainda est\u00e1 dentro do flagrante, mas de fato o irm\u00e3o dela foi preso e seria o autor&#8221;, informou o delegado ao&nbsp;<strong>Cidadeverde.com.&nbsp;<\/strong>A faca usada no crime foi apreendida.&nbsp;<\/p>\n\n\n\n<p>O DHPP assumiu o caso e designou o delegado Dan\u00fabio Dias e uma equipe de investigadores para desvendar a morte da advogada, que chocou o munic\u00edpio de Pedro II.<\/p>\n\n\n\n<p>Mais cedo, ao&nbsp;<strong>Cidadeverde.com<\/strong>, Baretta disse que a advogada foi morta com v\u00e1rios golpes de faca na regi\u00e3o do pesco\u00e7o e do peito. Na manh\u00e3 desta segunda-feira (15), equipes do Instituto de DNA Forense e Instituto de Criminal\u00edstica, com papiloscopistas e peritos criminais, sa\u00edram da Capital com destino a Pedro II.&nbsp;<\/p>\n\n\n\n<p>A primeira informa\u00e7\u00e3o divulgada pela Pol\u00edcia Militar \u00e9 que a advogada teria sido morta por uma mulher que ela atendeu em casa. Izadora foi encontrada morta em sua resid\u00eancia onde funcionava seu escrit\u00f3rio.<\/p>\n\n\n\n<p><strong>Fonte: H\u00e9rlon Moraes\/ Cidade Verde<\/strong><\/p>\n","protected":false},"excerpt":{"rendered":"<p>O delegado Francisco Baretta, coordenador do Departamento de Homic\u00eddios e Prote\u00e7\u00e3o \u00e0 Pessoa (DHPP), confirmou no in\u00edcio da tarde desta segunda-feira (15), que foi preso em Pedro II um irm\u00e3o da advogada Izadora Santos Mour\u00e3o, de 41 anos, morta a golpes de faca no \u00faltimo s\u00e1bado. Ele \u00e9 suspeito de participar do crime. &#8220;O delegado [&hellip;]<\/p>\n","protected":false},"author":1,"featured_media":18563,"comment_status":"open","ping_status":"open","sticky":false,"template":"","format":"standard","meta":{"beyondwords_generate_audio":"","beyondwords_project_id":"","beyondwords_podcast_id":"","beyondwords_hash":"","beyondwords_error_message":"","beyondwords_disabled":"","publish_post_to_speechkit":"","speechkit_generate_audio":"","speechkit_project_id":"","speechkit_podcast_id":"","speechkit_hash":"","speechkit_error_message":"","speechkit_disabled":"","speechkit_access_key":"","speechkit_error":"","speechkit_info":"","speechkit_response":"","speechkit_retries":"","_speechkit_link":"","_speechkit_text":""},"categories":[51,78],"tags":[1647,122,44,72,1265,223,5533,52,79,130],"jetpack_featured_media_url":"","_links":{"self":[{"href":"https:\/\/pinews.com.br\/index.php\/wp-json\/wp\/v2\/posts\/18562"}],"collection":[{"href":"https:\/\/pinews.com.br\/index.php\/wp-json\/wp\/v2\/posts"}],"about":[{"href":"https:\/\/pinews.com.br\/index.php\/wp-json\/wp\/v2\/types\/post"}],"author":[{"embeddable":true,"href":"https:\/\/pinews.com.br\/index.php\/wp-json\/wp\/v2\/users\/1"}],"replies":[{"embeddable":true,"href":"https:\/\/pinews.com.br\/index.php\/wp-json\/wp\/v2\/comments?post=18562"}],"version-history":[{"count":0,"href":"https:\/\/pinews.com.br\/index.php\/wp-json\/wp\/v2\/posts\/18562\/revisions"}],"wp:featuredmedia":[{"embeddable":true,"href":"https:\/\/pinews.com.br\/index.php\/wp-json\/"}],"wp:attachment":[{"href":"https:\/\/pinews.com.br\/index.php\/wp-json\/wp\/v2\/media?parent=18562"}],"wp:term":[{"taxonomy":"category","embeddable":true,"href":"https:\/\/pinews.com.br\/index.php\/wp-json\/wp\/v2\/categories?post=18562"},{"taxonomy":"post_tag","embeddable":true,"href":"https:\/\/pinews.com.br\/index.php\/wp-json\/wp\/v2\/tags?post=18562"}],"curies":[{"name":"wp","href":"https:\/\/api.w.org\/{rel}","templated":true}]}}