{"id":18571,"date":"2021-02-15T19:03:06","date_gmt":"2021-02-15T22:03:06","guid":{"rendered":"https:\/\/pinews.com.br\/?p=18571"},"modified":"2021-02-15T19:03:06","modified_gmt":"2021-02-15T22:03:06","slug":"homem-morre-apos-ser-arremessado-de-carro-durante-capotamento-em-patos-do-piaui","status":"publish","type":"post","link":"https:\/\/pinews.com.br\/index.php\/2021\/02\/15\/homem-morre-apos-ser-arremessado-de-carro-durante-capotamento-em-patos-do-piaui\/","title":{"rendered":"Homem morre ap\u00f3s ser arremessado de carro durante capotamento em Patos do Piau\u00ed"},"content":{"rendered":"\n<p>Fernando Jos\u00e9 de Sousa, de 31 anos, morreu ap\u00f3s ser arremessado para fora de um carro durante um capotamento na tarde desse domingo (14), na zona rural de Patos do Piau\u00ed, munic\u00edpio a 400 km de Teresina.<\/p>\n\n\n\n<p>Ao&nbsp;<strong>G1<\/strong>, o cabo L. Jardim, da Pol\u00edcia Militar da cidade, informou que o acidente ocorreu na estrada que liga o povoado Cajueiro e a zona urbana de Patos do Piau\u00ed. O ve\u00edculo capotou ap\u00f3s Fernando perder o controle da dire\u00e7\u00e3o.<\/p>\n\n\n\n<blockquote class=\"wp-block-quote\"><p>\u201cEle foi sacado para fora do carro. Devido ao impacto, ele n\u00e3o resistiu e morreu no local\u201d, disse o policial.<\/p><\/blockquote>\n\n\n\n<p>A prefeitura do munic\u00edpio lamentou a morte de Francisco e emitiu uma nota de pesar.&nbsp;<strong>Leia:<\/strong><\/p>\n\n\n\n<p><em>O prefeito de Patos do Piau\u00ed, Joaquim Neto, e a secret\u00e1ria municipal de sa\u00fade, Auzeni Costa, manifestaram solidariedade aos familiares e amigos de Fernando Jos\u00e9 de Sousa pelo seu falecimento, ocorrido no fim da tarde desse domingo (14), no munic\u00edpio. Que Deus possa dar o conforto \u00e0 fam\u00edlia enlutada!<\/em><\/p>\n\n\n\n<p><strong>Fonte: G1 PI<\/strong><\/p>\n","protected":false},"excerpt":{"rendered":"<p>Fernando Jos\u00e9 de Sousa, de 31 anos, morreu ap\u00f3s ser arremessado para fora de um carro durante um capotamento na tarde desse domingo (14), na zona rural de Patos do Piau\u00ed, munic\u00edpio a 400 km de Teresina. Ao&nbsp;G1, o cabo L. Jardim, da Pol\u00edcia Militar da cidade, informou que o acidente ocorreu na estrada que [&hellip;]<\/p>\n","protected":false},"author":1,"featured_media":18572,"comment_status":"open","ping_status":"open","sticky":false,"template":"","format":"standard","meta":{"beyondwords_generate_audio":"","beyondwords_project_id":"","beyondwords_podcast_id":"","beyondwords_hash":"","beyondwords_error_message":"","beyondwords_disabled":"","publish_post_to_speechkit":"","speechkit_generate_audio":"","speechkit_project_id":"","speechkit_podcast_id":"","speechkit_hash":"","speechkit_error_message":"","speechkit_disabled":"","speechkit_access_key":"","speechkit_error":"","speechkit_info":"","speechkit_response":"","speechkit_retries":"","_speechkit_link":"","_speechkit_text":""},"categories":[6651,51],"tags":[70,440,2496,62,44,45,46,84,119,1270,52,139],"jetpack_featured_media_url":"","_links":{"self":[{"href":"https:\/\/pinews.com.br\/index.php\/wp-json\/wp\/v2\/posts\/18571"}],"collection":[{"href":"https:\/\/pinews.com.br\/index.php\/wp-json\/wp\/v2\/posts"}],"about":[{"href":"https:\/\/pinews.com.br\/index.php\/wp-json\/wp\/v2\/types\/post"}],"author":[{"embeddable":true,"href":"https:\/\/pinews.com.br\/index.php\/wp-json\/wp\/v2\/users\/1"}],"replies":[{"embeddable":true,"href":"https:\/\/pinews.com.br\/index.php\/wp-json\/wp\/v2\/comments?post=18571"}],"version-history":[{"count":0,"href":"https:\/\/pinews.com.br\/index.php\/wp-json\/wp\/v2\/posts\/18571\/revisions"}],"wp:featuredmedia":[{"embeddable":true,"href":"https:\/\/pinews.com.br\/index.php\/wp-json\/"}],"wp:attachment":[{"href":"https:\/\/pinews.com.br\/index.php\/wp-json\/wp\/v2\/media?parent=18571"}],"wp:term":[{"taxonomy":"category","embeddable":true,"href":"https:\/\/pinews.com.br\/index.php\/wp-json\/wp\/v2\/categories?post=18571"},{"taxonomy":"post_tag","embeddable":true,"href":"https:\/\/pinews.com.br\/index.php\/wp-json\/wp\/v2\/tags?post=18571"}],"curies":[{"name":"wp","href":"https:\/\/api.w.org\/{rel}","templated":true}]}}