{"id":18671,"date":"2021-02-19T10:16:52","date_gmt":"2021-02-19T13:16:52","guid":{"rendered":"https:\/\/pinews.com.br\/?p=18671"},"modified":"2021-02-19T10:16:52","modified_gmt":"2021-02-19T13:16:52","slug":"video-festa-clandestina-termina-com-tiroteio-e-um-morto-no-piaui","status":"publish","type":"post","link":"https:\/\/pinews.com.br\/index.php\/2021\/02\/19\/video-festa-clandestina-termina-com-tiroteio-e-um-morto-no-piaui\/","title":{"rendered":"V\u00eddeo: festa clandestina termina com tiroteio e um morto no Piau\u00ed"},"content":{"rendered":"\n<p>Um tiroteio durante uma festa clandestina na zona Leste de Teresina terminou com um morto no in\u00edcio da madrugada desta sexta-feira (19). Os tiros podem ser ouvidos atrav\u00e9s de um v\u00eddeo que mostra uma mulher gritando &#8220;para&#8221;, como se quisesse conter uma briga e, na sequ\u00eancia, um homem aparentando revolta derrama bebida no ch\u00e3o. Nas imagens \u00e9 poss\u00edvel ouvir mais de 15 tiros e correria. <\/p>\n\n\n\n<figure class=\"wp-block-embed-youtube wp-block-embed is-type-video is-provider-youtube wp-embed-aspect-16-9 wp-has-aspect-ratio\"><div class=\"wp-block-embed__wrapper\">\n<iframe loading=\"lazy\" title=\"Festa clandestina termina com tiroteio e um morto na zona Leste de Teresina\" width=\"1170\" height=\"658\" src=\"https:\/\/www.youtube.com\/embed\/0gRf1IFnbb4?feature=oembed\" frameborder=\"0\" allow=\"accelerometer; autoplay; clipboard-write; encrypted-media; gyroscope; picture-in-picture; web-share\" allowfullscreen><\/iframe>\n<\/div><\/figure>\n\n\n\n<p>A TV Cidade Verde apurou que o morto foi identificado como Jonas de Sena Oliveira, 30 anos. A festa clandestina ocorria em um espa\u00e7o de eventos na Avenida Jo\u00e3o XXIII, na sa\u00edda de Teresina.<\/p>\n\n\n\n<p>Uma segunda pessoa tamb\u00e9m teria sido baleada, mas sobreviveu.&nbsp;<\/p>\n\n\n\n<p>Por causa da pandemia da Covid-19, a realiza\u00e7\u00e3o de festas em ambientes abertos ou fechados, promovidos por entes p\u00fablicos ou pela iniciativa privada, est\u00e1 proibida em Teresina por meio de decreto estadual. A medida vale at\u00e9 o dia 21 de fevereiro quando deve sair uma nova determina\u00e7\u00e3o. <a href=\"https:\/\/cidadeverde.com\/assets\/uploads\/files\/decreto%2019.%20445%20estado%20-%20medidas%20restritivas_1611708458.pdf\">(veja o decreto)<\/a><\/p>\n\n\n\n<figure class=\"wp-block-embed-youtube wp-block-embed is-type-video is-provider-youtube wp-embed-aspect-16-9 wp-has-aspect-ratio\"><div class=\"wp-block-embed__wrapper\">\n<iframe loading=\"lazy\" title=\"Tiroteio em evento clandestino teve dois baleados\" width=\"1170\" height=\"658\" src=\"https:\/\/www.youtube.com\/embed\/ox1hfEfKqZY?feature=oembed\" frameborder=\"0\" allow=\"accelerometer; autoplay; clipboard-write; encrypted-media; gyroscope; picture-in-picture; web-share\" allowfullscreen><\/iframe>\n<\/div><\/figure>\n\n\n\n<p><strong>Fonte: Cidade Verde\/ Com informa\u00e7\u00f5es Not\u00edcia da Manh\u00e3<\/strong><\/p>\n","protected":false},"excerpt":{"rendered":"<p>Um tiroteio durante uma festa clandestina na zona Leste de Teresina terminou com um morto no in\u00edcio da madrugada desta sexta-feira (19). Os tiros podem ser ouvidos atrav\u00e9s de um v\u00eddeo que mostra uma mulher gritando &#8220;para&#8221;, como se quisesse conter uma briga e, na sequ\u00eancia, um homem aparentando revolta derrama bebida no ch\u00e3o. Nas [&hellip;]<\/p>\n","protected":false},"author":1,"featured_media":11974,"comment_status":"open","ping_status":"open","sticky":false,"template":"","format":"standard","meta":{"beyondwords_generate_audio":"","beyondwords_project_id":"","beyondwords_podcast_id":"","beyondwords_hash":"","beyondwords_error_message":"","beyondwords_disabled":"","publish_post_to_speechkit":"","speechkit_generate_audio":"","speechkit_project_id":"","speechkit_podcast_id":"","speechkit_hash":"","speechkit_error_message":"","speechkit_disabled":"","speechkit_access_key":"","speechkit_error":"","speechkit_info":"","speechkit_response":"","speechkit_retries":"","_speechkit_link":"","_speechkit_text":""},"categories":[51,78,81],"tags":[6153,311,197,52,5694,773,436,67],"jetpack_featured_media_url":"","_links":{"self":[{"href":"https:\/\/pinews.com.br\/index.php\/wp-json\/wp\/v2\/posts\/18671"}],"collection":[{"href":"https:\/\/pinews.com.br\/index.php\/wp-json\/wp\/v2\/posts"}],"about":[{"href":"https:\/\/pinews.com.br\/index.php\/wp-json\/wp\/v2\/types\/post"}],"author":[{"embeddable":true,"href":"https:\/\/pinews.com.br\/index.php\/wp-json\/wp\/v2\/users\/1"}],"replies":[{"embeddable":true,"href":"https:\/\/pinews.com.br\/index.php\/wp-json\/wp\/v2\/comments?post=18671"}],"version-history":[{"count":0,"href":"https:\/\/pinews.com.br\/index.php\/wp-json\/wp\/v2\/posts\/18671\/revisions"}],"wp:featuredmedia":[{"embeddable":true,"href":"https:\/\/pinews.com.br\/index.php\/wp-json\/"}],"wp:attachment":[{"href":"https:\/\/pinews.com.br\/index.php\/wp-json\/wp\/v2\/media?parent=18671"}],"wp:term":[{"taxonomy":"category","embeddable":true,"href":"https:\/\/pinews.com.br\/index.php\/wp-json\/wp\/v2\/categories?post=18671"},{"taxonomy":"post_tag","embeddable":true,"href":"https:\/\/pinews.com.br\/index.php\/wp-json\/wp\/v2\/tags?post=18671"}],"curies":[{"name":"wp","href":"https:\/\/api.w.org\/{rel}","templated":true}]}}