{"id":18687,"date":"2021-02-19T19:24:53","date_gmt":"2021-02-19T22:24:53","guid":{"rendered":"https:\/\/pinews.com.br\/?p=18687"},"modified":"2021-02-19T19:24:53","modified_gmt":"2021-02-19T22:24:53","slug":"trabalhadores-ficam-presos-a-30-metros-de-altura-em-obra-de-predio-em-teresina","status":"publish","type":"post","link":"https:\/\/pinews.com.br\/index.php\/2021\/02\/19\/trabalhadores-ficam-presos-a-30-metros-de-altura-em-obra-de-predio-em-teresina\/","title":{"rendered":"Trabalhadores ficam presos a 30 metros de altura em obra de pr\u00e9dio em Teresina"},"content":{"rendered":"\n<p>Dois trabalhadores do setor da constru\u00e7\u00e3o civil ficaram presos em um andaime da obra de um pr\u00e9dio no bairro Ilhotas, na zona Sul de Teresina, nesta sexta-feira (19).&nbsp; O equipamento travou no 11\u00ba andar e os oper\u00e1rios ficaram presos a uma altura de 30 metros.&nbsp;<\/p>\n\n\n\n<p>O comando de socorro do Corpo de Bombeiros informou ao&nbsp;<em><strong>Cidadeverde.com<\/strong><\/em>&nbsp;que a equipe de resgate conseguiu destravar o andaime, que \u00e9 uma esp\u00e9cie improvisada de elevador, e os trabalhadores desceram. Eles ficaram mais de uma hora presos na estrutura.<\/p>\n\n\n\n<p>O Corpo de Bombeiros informa, ainda, que os trabalhadores estavam assustados, mas foram retirados com seguran\u00e7a e ningu\u00e9m ficou ferido.<\/p>\n\n\n\n<figure class=\"wp-block-embed-youtube wp-block-embed is-type-video is-provider-youtube wp-embed-aspect-16-9 wp-has-aspect-ratio\"><div class=\"wp-block-embed__wrapper\">\n<iframe loading=\"lazy\" title=\"Trabalhadores ficam presos a 30 metros de altura em obra de pr\u00e9dio\" width=\"1170\" height=\"658\" src=\"https:\/\/www.youtube.com\/embed\/1nWdnvUYcRg?feature=oembed\" frameborder=\"0\" allow=\"accelerometer; autoplay; clipboard-write; encrypted-media; gyroscope; picture-in-picture; web-share\" allowfullscreen><\/iframe>\n<\/div><\/figure>\n\n\n\n<p><br><strong>Fonte: Izabella Pimentel\/ Cidade Verde<\/strong><\/p>\n","protected":false},"excerpt":{"rendered":"<p>Dois trabalhadores do setor da constru\u00e7\u00e3o civil ficaram presos em um andaime da obra de um pr\u00e9dio no bairro Ilhotas, na zona Sul de Teresina, nesta sexta-feira (19).&nbsp; O equipamento travou no 11\u00ba andar e os oper\u00e1rios ficaram presos a uma altura de 30 metros.&nbsp; O comando de socorro do Corpo de Bombeiros informou ao&nbsp;Cidadeverde.com&nbsp;que [&hellip;]<\/p>\n","protected":false},"author":1,"featured_media":18688,"comment_status":"open","ping_status":"open","sticky":false,"template":"","format":"standard","meta":{"beyondwords_generate_audio":"","beyondwords_project_id":"","beyondwords_podcast_id":"","beyondwords_hash":"","beyondwords_error_message":"","beyondwords_disabled":"","publish_post_to_speechkit":"","speechkit_generate_audio":"","speechkit_project_id":"","speechkit_podcast_id":"","speechkit_hash":"","speechkit_error_message":"","speechkit_disabled":"","speechkit_access_key":"","speechkit_error":"","speechkit_info":"","speechkit_response":"","speechkit_retries":"","_speechkit_link":"","_speechkit_text":""},"categories":[51,81],"tags":[780,7554,44,46,416,322,2022,5926,600,187,1133],"jetpack_featured_media_url":"","_links":{"self":[{"href":"https:\/\/pinews.com.br\/index.php\/wp-json\/wp\/v2\/posts\/18687"}],"collection":[{"href":"https:\/\/pinews.com.br\/index.php\/wp-json\/wp\/v2\/posts"}],"about":[{"href":"https:\/\/pinews.com.br\/index.php\/wp-json\/wp\/v2\/types\/post"}],"author":[{"embeddable":true,"href":"https:\/\/pinews.com.br\/index.php\/wp-json\/wp\/v2\/users\/1"}],"replies":[{"embeddable":true,"href":"https:\/\/pinews.com.br\/index.php\/wp-json\/wp\/v2\/comments?post=18687"}],"version-history":[{"count":0,"href":"https:\/\/pinews.com.br\/index.php\/wp-json\/wp\/v2\/posts\/18687\/revisions"}],"wp:featuredmedia":[{"embeddable":true,"href":"https:\/\/pinews.com.br\/index.php\/wp-json\/"}],"wp:attachment":[{"href":"https:\/\/pinews.com.br\/index.php\/wp-json\/wp\/v2\/media?parent=18687"}],"wp:term":[{"taxonomy":"category","embeddable":true,"href":"https:\/\/pinews.com.br\/index.php\/wp-json\/wp\/v2\/categories?post=18687"},{"taxonomy":"post_tag","embeddable":true,"href":"https:\/\/pinews.com.br\/index.php\/wp-json\/wp\/v2\/tags?post=18687"}],"curies":[{"name":"wp","href":"https:\/\/api.w.org\/{rel}","templated":true}]}}