{"id":18694,"date":"2021-02-20T11:26:00","date_gmt":"2021-02-20T14:26:00","guid":{"rendered":"https:\/\/pinews.com.br\/?p=18694"},"modified":"2021-02-20T11:26:00","modified_gmt":"2021-02-20T14:26:00","slug":"governo-do-piaui-volta-a-ampliar-utis-no-interior-e-ja-estuda-alugar-leitos-particulares","status":"publish","type":"post","link":"https:\/\/pinews.com.br\/index.php\/2021\/02\/20\/governo-do-piaui-volta-a-ampliar-utis-no-interior-e-ja-estuda-alugar-leitos-particulares\/","title":{"rendered":"Governo do Piau\u00ed volta a ampliar UTIs no interior e j\u00e1 estuda alugar leitos particulares"},"content":{"rendered":"\n<p>A taxa de ocupa\u00e7\u00e3o dos leitos de Unidade de Tratamento Intensivo (UTI) em 73% &#8211; para tratamento de pacientes com Covid-19 &#8211; est\u00e1 preocupando os integrantes do Centro de Opera\u00e7\u00f5es Emergenciais (COE), ap\u00f3s o per\u00edodo carnavalesco, no Piau\u00ed.&nbsp; Nesta sexta-feira (19), a Secretaria de Estado da Sa\u00fade (Sesapi) j\u00e1 anunciou a instala\u00e7\u00e3o de mais cinco leitos UTI Covid no Hospital Regional Chagas Rodrigues na cidade de Piripiri. A Sesapi j\u00e1 estuda a contrata\u00e7\u00e3o, caso seja necess\u00e1rio, de leitos nos hospitais particulares.&nbsp;<\/p>\n\n\n\n<p>Em Piripiri, segundo o boletim de leitos da Sesapi, do dia 18 de fevreiro de 2021, o Hospital Regional Chagas Rodrigues estava com 100% dos leitos cl\u00ednicos ocupados e com 90% dos leitos de UTI com pacientes. O hospital s\u00f3 possui 10 leitos de UTI Covid.&nbsp;<br><br>O Governo do Estado tamb\u00e9m estuda ampliar o n\u00famero de leitos UTI Covid-19 em tr\u00eas regionais de sa\u00fade: Teresina, Floriano e Parna\u00edba.&nbsp;<br><br>O Hospital Regional Tib\u00e9rio Nunes, em Floriano est\u00e1 com 83,3% dos leitos cl\u00ednicos ocupados e 85% dos leitos de UTI ocupados. J\u00e1 o Hospital Estadual Dirceu Arcoverde, em Parna\u00edba, est\u00e1 com 66% dos leitos de UTI ocupados e com 20 dos 33 leitos cl\u00ednicos com pacientes.&nbsp;<\/p>\n\n\n\n<p><a rel=\"noreferrer noopener\" href=\"https:\/\/cidadeverde.com\/assets\/uploads\/files\/boletim%20saude%20piaui%20-%20%2018%20fevereiro%202021%20-%20leitos%20hospitalares_1613765198.pdf\" target=\"_blank\">VEJA BOLETIM LEITOS<\/a><br><br>O secret\u00e1rio de Sa\u00fade, Florentino Neto, ressalta que, \u201ccaso haja necessidade, a Sesapi far\u00e1 a contrata\u00e7\u00e3o de leitos particulares, como aconteceu o ano passado\u201d.<br><br>A decis\u00e3o de amplia\u00e7\u00e3o ocorreu na reuni\u00e3o, nesta sexta (19), do Centro de Opera\u00e7\u00f5es Emergenciais (COE). Em Teresina, j\u00e1 foram ampliados leitos nos hospitais Hospital Get\u00falio Vargas, Hospital Natan Portela, Hospital da Pol\u00edcia Militar e Hospital Universit\u00e1rio. Atualmente, as UTIs Covid do Hospital da Pol\u00edcia Militar e do Hospital Universit\u00e1rio est\u00e3o 100% ocupadas. <br><br>O Piau\u00ed contabiliza, at\u00e9 quinta-feira (18), 3.232 mortes e 168.403 casos confirmados da Covid-19. O estado vive o aumento do n\u00famero de casos. O \u00faltimo boletim registrou o aumento de 779  casos confirmados.<br><br>\u201cDos leitos existentes na rede de sa\u00fade do Piau\u00ed para atendimento \u00e0 Covid-19, h\u00e1 555 ocupados, sendo 318 leitos cl\u00ednicos, 202 UTIs e 35 em leitos de estabiliza\u00e7\u00e3o. As altas acumuladas somam 9.499 at\u00e9 o dia 18 de fevereiro de 2021\u201d, diz a Sesapi no boletim Covid-19 de quinta (18). <br><br>Florentino Neto voltou a pedir o cumprimento das medidas higi\u00eanico-sanit\u00e1rias de combate ao novo coronav\u00edrus, como o distanciamento social.  \u201cPara vencermos essa guerra temos que unir for\u00e7as, poder p\u00fablico e sociedade, cada um fazendo a parte que lhe compete\u201d. <\/p>\n\n\n\n<p><strong>Fonte: Carlienne Carpaso\/ Cidade Verde<\/strong><\/p>\n","protected":false},"excerpt":{"rendered":"<p>A taxa de ocupa\u00e7\u00e3o dos leitos de Unidade de Tratamento Intensivo (UTI) em 73% &#8211; para tratamento de pacientes com Covid-19 &#8211; est\u00e1 preocupando os integrantes do Centro de Opera\u00e7\u00f5es Emergenciais (COE), ap\u00f3s o per\u00edodo carnavalesco, no Piau\u00ed.&nbsp; Nesta sexta-feira (19), a Secretaria de Estado da Sa\u00fade (Sesapi) j\u00e1 anunciou a instala\u00e7\u00e3o de mais cinco [&hellip;]<\/p>\n","protected":false},"author":1,"featured_media":18696,"comment_status":"open","ping_status":"open","sticky":false,"template":"","format":"standard","meta":{"beyondwords_generate_audio":"","beyondwords_project_id":"","beyondwords_podcast_id":"","beyondwords_hash":"","beyondwords_error_message":"","beyondwords_disabled":"","publish_post_to_speechkit":"","speechkit_generate_audio":"","speechkit_project_id":"","speechkit_podcast_id":"","speechkit_hash":"","speechkit_error_message":"","speechkit_disabled":"","speechkit_access_key":"","speechkit_error":"","speechkit_info":"","speechkit_response":"","speechkit_retries":"","_speechkit_link":"","_speechkit_text":""},"categories":[51,1288],"tags":[7555,7556,6873,458,716,396,5383,7557,52,2807,3342],"jetpack_featured_media_url":"","_links":{"self":[{"href":"https:\/\/pinews.com.br\/index.php\/wp-json\/wp\/v2\/posts\/18694"}],"collection":[{"href":"https:\/\/pinews.com.br\/index.php\/wp-json\/wp\/v2\/posts"}],"about":[{"href":"https:\/\/pinews.com.br\/index.php\/wp-json\/wp\/v2\/types\/post"}],"author":[{"embeddable":true,"href":"https:\/\/pinews.com.br\/index.php\/wp-json\/wp\/v2\/users\/1"}],"replies":[{"embeddable":true,"href":"https:\/\/pinews.com.br\/index.php\/wp-json\/wp\/v2\/comments?post=18694"}],"version-history":[{"count":0,"href":"https:\/\/pinews.com.br\/index.php\/wp-json\/wp\/v2\/posts\/18694\/revisions"}],"wp:featuredmedia":[{"embeddable":true,"href":"https:\/\/pinews.com.br\/index.php\/wp-json\/"}],"wp:attachment":[{"href":"https:\/\/pinews.com.br\/index.php\/wp-json\/wp\/v2\/media?parent=18694"}],"wp:term":[{"taxonomy":"category","embeddable":true,"href":"https:\/\/pinews.com.br\/index.php\/wp-json\/wp\/v2\/categories?post=18694"},{"taxonomy":"post_tag","embeddable":true,"href":"https:\/\/pinews.com.br\/index.php\/wp-json\/wp\/v2\/tags?post=18694"}],"curies":[{"name":"wp","href":"https:\/\/api.w.org\/{rel}","templated":true}]}}