{"id":18695,"date":"2021-02-20T11:28:31","date_gmt":"2021-02-20T14:28:31","guid":{"rendered":"https:\/\/pinews.com.br\/?p=18695"},"modified":"2021-02-20T11:28:31","modified_gmt":"2021-02-20T14:28:31","slug":"acusado-de-associacao-criminosa-e-lavagem-de-dinheiro-e-preso-em-picos","status":"publish","type":"post","link":"https:\/\/pinews.com.br\/index.php\/2021\/02\/20\/acusado-de-associacao-criminosa-e-lavagem-de-dinheiro-e-preso-em-picos\/","title":{"rendered":"Acusado de associa\u00e7\u00e3o criminosa e lavagem de dinheiro \u00e9 preso em Picos"},"content":{"rendered":"\n<p>A Pol\u00edcia Rodovi\u00e1ria Federal (PRF) prendeu na tarde de ontem, 18, um homem de 23 anos pelo crime de porte de droga para consumo. Al\u00e9m disso, ele possu\u00eda em seu desfavor um mandado de pris\u00e3o preventiva pelos crimes de associa\u00e7\u00e3o criminosa e lavagem de dinheiro. A a\u00e7\u00e3o aconteceu na BR 316, em Picos.<\/p>\n\n\n\n<p>O flagrante foi registrado durante fiscaliza\u00e7\u00e3o ao abordarem ao ve\u00edculo GM\/TRAILBLAZER LTZ.<\/p>\n\n\n\n<p>Ap\u00f3s conferirem a documenta\u00e7\u00e3o, os policiais constataram que o condutor do ve\u00edculo possu\u00eda em seu desfavor um mandado de pris\u00e3o preventiva em aberto expedido em 11\/11\/2020 pela 1\u00aa Vara Criminal da S\u00e3o Lu\u00eds\/MA. O homem, que possui resid\u00eancia em Teresina, \u00e9 acusado dos crimes de associa\u00e7\u00e3o criminosa e lavagem de dinheiro. Ele \u00e9 considerado de alta periculosidade e bastante conhecido no meio policial.<\/p>\n\n\n\n<p>Os policiais encontraram dentro do ve\u00edculo 4,8 g de maconha que, de acordo com o acusado, era pra seu consumo.<\/p>\n\n\n\n<p>Diante dos fatos, o homem foi detido e encaminhado juntamente \u00e0 Central de Flagrantes para a ado\u00e7\u00e3o das medidas cab\u00edveis e cumprimento do mandado. Al\u00e9m disso, ele responder\u00e1 pelo crime de porte de droga para consumo.<\/p>\n\n\n\n<p><strong>Fonte: Picos 40 Graus<\/strong><\/p>\n","protected":false},"excerpt":{"rendered":"<p>A Pol\u00edcia Rodovi\u00e1ria Federal (PRF) prendeu na tarde de ontem, 18, um homem de 23 anos pelo crime de porte de droga para consumo. Al\u00e9m disso, ele possu\u00eda em seu desfavor um mandado de pris\u00e3o preventiva pelos crimes de associa\u00e7\u00e3o criminosa e lavagem de dinheiro. A a\u00e7\u00e3o aconteceu na BR 316, em Picos. O flagrante [&hellip;]<\/p>\n","protected":false},"author":1,"featured_media":18700,"comment_status":"open","ping_status":"open","sticky":false,"template":"","format":"standard","meta":{"beyondwords_generate_audio":"","beyondwords_project_id":"","beyondwords_podcast_id":"","beyondwords_hash":"","beyondwords_error_message":"","beyondwords_disabled":"","publish_post_to_speechkit":"","speechkit_generate_audio":"","speechkit_project_id":"","speechkit_podcast_id":"","speechkit_hash":"","speechkit_error_message":"","speechkit_disabled":"","speechkit_access_key":"","speechkit_error":"","speechkit_info":"","speechkit_response":"","speechkit_retries":"","_speechkit_link":"","_speechkit_text":""},"categories":[124,51,126],"tags":[1273,6619,616,44,319,72,46,7558,125,79],"jetpack_featured_media_url":"","_links":{"self":[{"href":"https:\/\/pinews.com.br\/index.php\/wp-json\/wp\/v2\/posts\/18695"}],"collection":[{"href":"https:\/\/pinews.com.br\/index.php\/wp-json\/wp\/v2\/posts"}],"about":[{"href":"https:\/\/pinews.com.br\/index.php\/wp-json\/wp\/v2\/types\/post"}],"author":[{"embeddable":true,"href":"https:\/\/pinews.com.br\/index.php\/wp-json\/wp\/v2\/users\/1"}],"replies":[{"embeddable":true,"href":"https:\/\/pinews.com.br\/index.php\/wp-json\/wp\/v2\/comments?post=18695"}],"version-history":[{"count":0,"href":"https:\/\/pinews.com.br\/index.php\/wp-json\/wp\/v2\/posts\/18695\/revisions"}],"wp:featuredmedia":[{"embeddable":true,"href":"https:\/\/pinews.com.br\/index.php\/wp-json\/"}],"wp:attachment":[{"href":"https:\/\/pinews.com.br\/index.php\/wp-json\/wp\/v2\/media?parent=18695"}],"wp:term":[{"taxonomy":"category","embeddable":true,"href":"https:\/\/pinews.com.br\/index.php\/wp-json\/wp\/v2\/categories?post=18695"},{"taxonomy":"post_tag","embeddable":true,"href":"https:\/\/pinews.com.br\/index.php\/wp-json\/wp\/v2\/tags?post=18695"}],"curies":[{"name":"wp","href":"https:\/\/api.w.org\/{rel}","templated":true}]}}