{"id":190,"date":"2019-07-04T08:52:07","date_gmt":"2019-07-04T11:52:07","guid":{"rendered":"https:\/\/pinews.com.br\/?p=190"},"modified":"2019-07-04T08:52:07","modified_gmt":"2019-07-04T11:52:07","slug":"academia-de-letras-da-regiao-de-picos-lanca-concurso-de-poesia","status":"publish","type":"post","link":"https:\/\/pinews.com.br\/index.php\/2019\/07\/04\/academia-de-letras-da-regiao-de-picos-lanca-concurso-de-poesia\/","title":{"rendered":"Academia de Letras da Regi\u00e3o de Picos lan\u00e7a concurso de poesia"},"content":{"rendered":"\n<p align=\"justify\">A Academia de Letras da Regi\u00e3o de Picos (Alerp) realizar\u00e1 Concurso de Poesia em comemora\u00e7\u00e3o aos seus 30 anos.<\/p>\n\n\n\n<p align=\"justify\">O mesmo tem como objetivo incentivar o gosto pela poesia, a leitura e a produ\u00e7\u00e3o liter\u00e1ria, despertando o poeta que existe dentro de cada pessoa.<\/p>\n\n\n\n<p align=\"justify\">Qualquer pessoa que n\u00e3o seja membro da Alerp poder\u00e1 participar do concurso, que possui tema livre e ter\u00e1 as categorias infanto-juvenil (at\u00e9 17 anos de idade completos) e adulto (a partir de 17 anos completos).<\/p>\n\n\n\n<p align=\"justify\">As inscri\u00e7\u00f5es s\u00e3o gratuitas e poder\u00e3o ser efetuadas com a entrega da poesia e da ficha de inscri\u00e7\u00e3o na secret\u00e1ria da academia at\u00e9 o dia 20 de agosto.<\/p>\n\n\n\n<p align=\"justify\">O primeiro colocado receber\u00e1 uma medalha e um kit de obras liter\u00e1rias. O 2\u00ba e 3\u00ba colocados receber\u00e3o medalha de men\u00e7\u00e3o honrosa e um Kit de obras liter\u00e1rias.<\/p>\n\n\n\n<p align=\"justify\">A solenidade de premia\u00e7\u00e3o ocorrer\u00e1 durante a realiza\u00e7\u00e3o do anivers\u00e1rio da ALERP, no dia 22 de outubro no audit\u00f3rio da entidade.<\/p>\n\n\n\n<p>Confira&nbsp;<strong><a href=\"http:\/\/alerp.com.br\/academia-de-letras-da-regiao-de-picos-alerp-lanca-edital-para-concurso-de-poesia\">edital<\/a>!<\/strong><\/p>\n\n\n\n<p><strong>Fonte: Picos 40 Graus<\/strong><\/p>\n\n\n\n<img decoding=\"async\" src=\"https:\/\/pinews.com.br\/wp-content\/uploads\/2019\/07\/IMG-20190704-WA0021.jpg\">\n","protected":false},"excerpt":{"rendered":"<p>A Academia de Letras da Regi\u00e3o de Picos (Alerp) realizar\u00e1 Concurso de Poesia em comemora\u00e7\u00e3o aos seus 30 anos. O mesmo tem como objetivo incentivar o gosto pela poesia, a leitura e a produ\u00e7\u00e3o liter\u00e1ria, despertando o poeta que existe dentro de cada pessoa. Qualquer pessoa que n\u00e3o seja membro da Alerp poder\u00e1 participar do [&hellip;]<\/p>\n","protected":false},"author":1,"featured_media":191,"comment_status":"open","ping_status":"open","sticky":false,"template":"","format":"standard","meta":{"beyondwords_generate_audio":"","beyondwords_project_id":"","beyondwords_podcast_id":"","beyondwords_hash":"","beyondwords_error_message":"","beyondwords_disabled":"","publish_post_to_speechkit":"","speechkit_generate_audio":"","speechkit_project_id":"","speechkit_podcast_id":"","speechkit_hash":"","speechkit_error_message":"","speechkit_disabled":"","speechkit_access_key":"","speechkit_error":"","speechkit_info":"","speechkit_response":"","speechkit_retries":"","_speechkit_link":"","_speechkit_text":""},"categories":[1184,394,124,51,126],"tags":[459,52,125,1206],"jetpack_featured_media_url":"","_links":{"self":[{"href":"https:\/\/pinews.com.br\/index.php\/wp-json\/wp\/v2\/posts\/190"}],"collection":[{"href":"https:\/\/pinews.com.br\/index.php\/wp-json\/wp\/v2\/posts"}],"about":[{"href":"https:\/\/pinews.com.br\/index.php\/wp-json\/wp\/v2\/types\/post"}],"author":[{"embeddable":true,"href":"https:\/\/pinews.com.br\/index.php\/wp-json\/wp\/v2\/users\/1"}],"replies":[{"embeddable":true,"href":"https:\/\/pinews.com.br\/index.php\/wp-json\/wp\/v2\/comments?post=190"}],"version-history":[{"count":0,"href":"https:\/\/pinews.com.br\/index.php\/wp-json\/wp\/v2\/posts\/190\/revisions"}],"wp:featuredmedia":[{"embeddable":true,"href":"https:\/\/pinews.com.br\/index.php\/wp-json\/"}],"wp:attachment":[{"href":"https:\/\/pinews.com.br\/index.php\/wp-json\/wp\/v2\/media?parent=190"}],"wp:term":[{"taxonomy":"category","embeddable":true,"href":"https:\/\/pinews.com.br\/index.php\/wp-json\/wp\/v2\/categories?post=190"},{"taxonomy":"post_tag","embeddable":true,"href":"https:\/\/pinews.com.br\/index.php\/wp-json\/wp\/v2\/tags?post=190"}],"curies":[{"name":"wp","href":"https:\/\/api.w.org\/{rel}","templated":true}]}}