{"id":19036,"date":"2021-02-22T19:26:31","date_gmt":"2021-02-22T22:26:31","guid":{"rendered":"https:\/\/pinews.com.br\/?p=19036"},"modified":"2021-02-22T19:26:31","modified_gmt":"2021-02-22T22:26:31","slug":"preso-morre-apos-sofrer-descarga-eletrica-em-presidio-no-piaui","status":"publish","type":"post","link":"https:\/\/pinews.com.br\/index.php\/2021\/02\/22\/preso-morre-apos-sofrer-descarga-eletrica-em-presidio-no-piaui\/","title":{"rendered":"Preso morre ap\u00f3s sofrer descarga el\u00e9trica em pres\u00eddio no Piau\u00ed"},"content":{"rendered":"\n<p>O detento Francisco Gomes da Silva, da Penitenci\u00e1ria Prof. Jos\u00e9 Ribamar Leite, antiga casa de cust\u00f3dia, em Teresina, morreu no domingo (21), ap\u00f3s sofrer uma descarga el\u00e9trica dentro da unidade prisional.<\/p>\n\n\n\n<p>Em nota, a Secretaria de Justi\u00e7a do Piau\u00ed (Sejus), informou que o preso tocou, acidentalmente, na rede el\u00e9trica, recebeu o choque e n\u00e3o resistiu.&nbsp;<strong><em>Leia o comunicado na \u00edntegra abaixo.<\/em><\/strong><\/p>\n\n\n\n<p>Segundo a Sejus, Francisco Gomes da Silva fazia parte da equipe de reeducandos que trabalham na manuten\u00e7\u00e3o do estabelecimento penal e possu\u00eda autoriza\u00e7\u00e3o para transitar na \u00e1rea externa da penitenci\u00e1ria.<\/p>\n\n\n\n<p>A secretaria vai abrir uma sindic\u00e2ncia para apurar o caso.<\/p>\n\n\n\n<p><strong>Leia a nota da Sejus:<\/strong><\/p>\n\n\n\n<p><em>A Penitenci\u00e1ria Prof. Jos\u00e9 Ribamar Leite informa que o reeducando Francisco Gomes da Silva faleceu neste domingo (21). O interno acabou tocando, acidentalmente, na rede el\u00e9trica e, com a descarga, n\u00e3o resistiu, ainda que a Ger\u00eancia da unidade tenha acionado a equipe do SAMU para o socorro. A Ger\u00eancia esclarece, ainda, que, pelo fato de o detento fazer parte da equipe de reeducandos que trabalham na manuten\u00e7\u00e3o do estabelecimento penal, possu\u00eda autoriza\u00e7\u00e3o para transitar na \u00e1rea externa ao m\u00f3dulo de seguran\u00e7a. A Secretaria de Justi\u00e7a do Piau\u00ed (Sejus) vai abrir uma sindic\u00e2ncia para apurar o caso.<\/em><\/p>\n\n\n\n<p><strong>Fonte: G1 PI<\/strong><\/p>\n","protected":false},"excerpt":{"rendered":"<p>O detento Francisco Gomes da Silva, da Penitenci\u00e1ria Prof. Jos\u00e9 Ribamar Leite, antiga casa de cust\u00f3dia, em Teresina, morreu no domingo (21), ap\u00f3s sofrer uma descarga el\u00e9trica dentro da unidade prisional. Em nota, a Secretaria de Justi\u00e7a do Piau\u00ed (Sejus), informou que o preso tocou, acidentalmente, na rede el\u00e9trica, recebeu o choque e n\u00e3o resistiu.&nbsp;Leia [&hellip;]<\/p>\n","protected":false},"author":1,"featured_media":19037,"comment_status":"open","ping_status":"open","sticky":false,"template":"","format":"standard","meta":{"beyondwords_generate_audio":"","beyondwords_project_id":"","beyondwords_podcast_id":"","beyondwords_hash":"","beyondwords_error_message":"","beyondwords_disabled":"","publish_post_to_speechkit":"","speechkit_generate_audio":"","speechkit_project_id":"","speechkit_podcast_id":"","speechkit_hash":"","speechkit_error_message":"","speechkit_disabled":"","speechkit_access_key":"","speechkit_error":"","speechkit_info":"","speechkit_response":"","speechkit_retries":"","_speechkit_link":"","_speechkit_text":""},"categories":[51,81],"tags":[70,564,565,46,119,52,858,79,354],"jetpack_featured_media_url":"","_links":{"self":[{"href":"https:\/\/pinews.com.br\/index.php\/wp-json\/wp\/v2\/posts\/19036"}],"collection":[{"href":"https:\/\/pinews.com.br\/index.php\/wp-json\/wp\/v2\/posts"}],"about":[{"href":"https:\/\/pinews.com.br\/index.php\/wp-json\/wp\/v2\/types\/post"}],"author":[{"embeddable":true,"href":"https:\/\/pinews.com.br\/index.php\/wp-json\/wp\/v2\/users\/1"}],"replies":[{"embeddable":true,"href":"https:\/\/pinews.com.br\/index.php\/wp-json\/wp\/v2\/comments?post=19036"}],"version-history":[{"count":0,"href":"https:\/\/pinews.com.br\/index.php\/wp-json\/wp\/v2\/posts\/19036\/revisions"}],"wp:featuredmedia":[{"embeddable":true,"href":"https:\/\/pinews.com.br\/index.php\/wp-json\/"}],"wp:attachment":[{"href":"https:\/\/pinews.com.br\/index.php\/wp-json\/wp\/v2\/media?parent=19036"}],"wp:term":[{"taxonomy":"category","embeddable":true,"href":"https:\/\/pinews.com.br\/index.php\/wp-json\/wp\/v2\/categories?post=19036"},{"taxonomy":"post_tag","embeddable":true,"href":"https:\/\/pinews.com.br\/index.php\/wp-json\/wp\/v2\/tags?post=19036"}],"curies":[{"name":"wp","href":"https:\/\/api.w.org\/{rel}","templated":true}]}}