{"id":19039,"date":"2021-02-22T19:29:24","date_gmt":"2021-02-22T22:29:24","guid":{"rendered":"https:\/\/pinews.com.br\/?p=19039"},"modified":"2021-02-22T19:29:24","modified_gmt":"2021-02-22T22:29:24","slug":"adolescente-de-16-anos-morre-afogado-durante-pescaria-em-acude-no-piaui","status":"publish","type":"post","link":"https:\/\/pinews.com.br\/index.php\/2021\/02\/22\/adolescente-de-16-anos-morre-afogado-durante-pescaria-em-acude-no-piaui\/","title":{"rendered":"Adolescente de 16 anos morre afogado durante pescaria em a\u00e7ude no Piau\u00ed"},"content":{"rendered":"\n<p>Um adolescente, de 16 anos, morreu afogado no a\u00e7ude Joana na manh\u00e3 desta segunda-feira (22\/02), em Pedro II, Norte do Piau\u00ed.<\/p>\n\n\n\n<p>A v\u00edtima identificada como&nbsp;Diego de Sousa Gon\u00e7alves, morador do bairro Campestre,&nbsp;pescava na companhia de amigos quando decidiu mergulhar.<\/p>\n\n\n\n<p>Ap\u00f3s mergulho, Diego desapareceu nas \u00e1guas do a\u00e7ude. Amigos ainda tentaram socorrer, mas n\u00e3o obtiveram sucesso.<\/p>\n\n\n\n<p>A Pol\u00edcia Militar esteve no local e acionou o Corpo de Bombeiros para realizar as buscas pelo corpo da v\u00edtima.<\/p>\n\n\n\n<p>O adolescente era aluno da 1\u00aa s\u00e9rie do Ensino M\u00e9dio, integrado ao Curso T\u00e9cnico em Inform\u00e1tica do CEEP Prof\u00aa Angelina Mendes Braga, que emitiu uma nota de pesar.<\/p>\n\n\n\n<p><strong>Veja na \u00edntegra:<\/strong><\/p>\n\n\n\n<figure class=\"wp-block-image\"><a href=\"https:\/\/i2.wp.com\/storage.stwonline.com.br\/180graus\/uploads\/ckeditor\/pictures\/2425172\/1614005932.png?ssl=1\"><img decoding=\"async\" src=\"https:\/\/i2.wp.com\/storage.stwonline.com.br\/180graus\/uploads\/ckeditor\/pictures\/2425172\/1614005932.png?w=1220&amp;ssl=1\" alt=\"\"\/><\/a><figcaption>&nbsp;&nbsp;&nbsp;Divulga\u00e7\u00e3o<\/figcaption><\/figure>\n\n\n\n<p><strong>Fonte: Portal P2<\/strong><\/p>\n","protected":false},"excerpt":{"rendered":"<p>Um adolescente, de 16 anos, morreu afogado no a\u00e7ude Joana na manh\u00e3 desta segunda-feira (22\/02), em Pedro II, Norte do Piau\u00ed. A v\u00edtima identificada como&nbsp;Diego de Sousa Gon\u00e7alves, morador do bairro Campestre,&nbsp;pescava na companhia de amigos quando decidiu mergulhar. Ap\u00f3s mergulho, Diego desapareceu nas \u00e1guas do a\u00e7ude. Amigos ainda tentaram socorrer, mas n\u00e3o obtiveram sucesso. [&hellip;]<\/p>\n","protected":false},"author":1,"featured_media":19041,"comment_status":"open","ping_status":"open","sticky":false,"template":"","format":"standard","meta":{"beyondwords_generate_audio":"","beyondwords_project_id":"","beyondwords_podcast_id":"","beyondwords_hash":"","beyondwords_error_message":"","beyondwords_disabled":"","publish_post_to_speechkit":"","speechkit_generate_audio":"","speechkit_project_id":"","speechkit_podcast_id":"","speechkit_hash":"","speechkit_error_message":"","speechkit_disabled":"","speechkit_access_key":"","speechkit_error":"","speechkit_info":"","speechkit_response":"","speechkit_retries":"","_speechkit_link":"","_speechkit_text":""},"categories":[51],"tags":[175,1224,177,278,82,44,45,46,119,1063,52],"jetpack_featured_media_url":"","_links":{"self":[{"href":"https:\/\/pinews.com.br\/index.php\/wp-json\/wp\/v2\/posts\/19039"}],"collection":[{"href":"https:\/\/pinews.com.br\/index.php\/wp-json\/wp\/v2\/posts"}],"about":[{"href":"https:\/\/pinews.com.br\/index.php\/wp-json\/wp\/v2\/types\/post"}],"author":[{"embeddable":true,"href":"https:\/\/pinews.com.br\/index.php\/wp-json\/wp\/v2\/users\/1"}],"replies":[{"embeddable":true,"href":"https:\/\/pinews.com.br\/index.php\/wp-json\/wp\/v2\/comments?post=19039"}],"version-history":[{"count":0,"href":"https:\/\/pinews.com.br\/index.php\/wp-json\/wp\/v2\/posts\/19039\/revisions"}],"wp:featuredmedia":[{"embeddable":true,"href":"https:\/\/pinews.com.br\/index.php\/wp-json\/"}],"wp:attachment":[{"href":"https:\/\/pinews.com.br\/index.php\/wp-json\/wp\/v2\/media?parent=19039"}],"wp:term":[{"taxonomy":"category","embeddable":true,"href":"https:\/\/pinews.com.br\/index.php\/wp-json\/wp\/v2\/categories?post=19039"},{"taxonomy":"post_tag","embeddable":true,"href":"https:\/\/pinews.com.br\/index.php\/wp-json\/wp\/v2\/tags?post=19039"}],"curies":[{"name":"wp","href":"https:\/\/api.w.org\/{rel}","templated":true}]}}