{"id":19043,"date":"2021-02-22T19:33:11","date_gmt":"2021-02-22T22:33:11","guid":{"rendered":"https:\/\/pinews.com.br\/?p=19043"},"modified":"2021-02-22T19:33:11","modified_gmt":"2021-02-22T22:33:11","slug":"governo-anuncia-novo-lockdown-parcial-e-suspende-atividades-presencias-no-piaui","status":"publish","type":"post","link":"https:\/\/pinews.com.br\/index.php\/2021\/02\/22\/governo-anuncia-novo-lockdown-parcial-e-suspende-atividades-presencias-no-piaui\/","title":{"rendered":"Governo anuncia novo &#8220;lockdown parcial&#8221; e suspende atividades presencias no Piau\u00ed"},"content":{"rendered":"\n<p>O governador Wellington Dias (PT) anunciou agora h\u00e1 pouco que ficar\u00e3o suspensas at\u00e9 o dia 7 de mar\u00e7o todas as atividades presenciais, com exce\u00e7\u00e3o dos servi\u00e7os essenciais. A medida vem ap\u00f3s a ocupa\u00e7\u00e3o de leitos de UTI chegar a mais de 90% e o risco de colapso na rede de sa\u00fade. O governo n\u00e3o divulgou ainda o decreto, mas adiantou algumas medidas do \u201clockdown parcial\u201d que ocorrer\u00e1 com medidas semelhantes ao do ano passado.&nbsp;<\/p>\n\n\n\n<p>O com\u00e9rcio, bares, restaurantes suspendem o atendimento presencial e os servi\u00e7os s\u00f3 ir\u00e3o funcionar por delivery.<\/p>\n\n\n\n<blockquote class=\"wp-block-quote\"><p><strong>Veja o que funcionar\u00e1:<\/strong><\/p><p>I \u2013 mercearias, mercadinhos, mercados, supermercados, hipermercados, padarias;&nbsp;<br>II \u2013 farm\u00e1cias, drogarias, produtos sanit\u00e1rios e de limpeza;&nbsp;<br>III \u2013 lavanderias;&nbsp;<br>IV \u2013 postos revendedores de combust\u00edveis, distribuidoras de g\u00e1s, oficinas mec\u00e2nicas e borracharias;<br>V \u2013 lojas de conveni\u00eancia e de produtos aliment\u00edcios, situadas em rodovias e BRs, na zona rural;&nbsp;<br>VI \u2013 hot\u00e9is, com atendimento exclusivo dos h\u00f3spedes;&nbsp;<br>VII \u2013 distribuidoras (exceto de bebidas alco\u00f3licas) e transportadoras;&nbsp;<br>VIII \u2013 servi\u00e7os de seguran\u00e7a e vigil\u00e2ncia;&nbsp;<br>IX \u2013 servi\u00e7os de alimenta\u00e7\u00e3o preparada e bebidas exclusivamente para sistema de delivery ou drive-thru;&nbsp;<br>X \u2013 bancos, servi\u00e7os financeiros e lot\u00e9ricas;&nbsp;<br>XI \u2013 servi\u00e7os de telecomunica\u00e7\u00e3o, processamento de dados, call center e imprensa;&nbsp;<br>XII \u2013 transportes de passageiros;<br>XIII \u2013 hospitais e laborat\u00f3rios;<br>XIV \u2013 presta\u00e7\u00e3o de servi\u00e7os de atividades f\u00edsicas.<\/p><\/blockquote>\n\n\n\n<figure class=\"wp-block-image\"><img decoding=\"async\" src=\"https:\/\/cidadeverde.com\/assets\/uploads\/noticias\/f8f658432afaa14f8b08b62e055b3572.jpg\" alt=\"\"\/><figcaption>Reprodu\u00e7\u00e3o<\/figcaption><\/figure>\n\n\n\n<blockquote class=\"wp-block-quote\"><p><strong>Ficam proibidos:<\/strong><\/p><p>Atividades religiosas de forma presencial \u2013 missas e cultos;<\/p><p>Suspensos atividades em parques, praias e espa\u00e7os que podem gerar aglomera\u00e7\u00f5es;<\/p><p>Proibidos as realiza\u00e7\u00f5es de festas, shows, atividades culturais e esportivas;&nbsp;<\/p><p>Ficam suspensas as atividades presenciais em todos os \u00f3rg\u00e3os p\u00fablicos e ir\u00e3o funcionar apenas 30% de atividades presenciais de servidores;&nbsp;&nbsp;<\/p><p>Suspende aulas presenciais e ficam apenas as remotas;&nbsp;<\/p><\/blockquote>\n\n\n\n<p>Ap\u00f3s reuni\u00e3o com membros do comit\u00ea de opera\u00e7\u00f5es emergenciais e representantes da Prefeitura de Teresina, o governador Wellington Dias anunciou altera\u00e7\u00f5es no decreto que estabelece medidas de restri\u00e7\u00e3o para fortalecer o combate \u00e0 covid-19 no estado. A partir da quarta-feira, atividades econ\u00f4micas consideradas n\u00e3o essenciais n\u00e3o poder\u00e3o funcionar em todo o estado do Piau\u00ed assim como atividades religiosas e aulas presenciais, na rede p\u00fablica e privada.<\/p>\n\n\n\n<p>As medidas come\u00e7am a valer&nbsp; das 0h de quarta-feira e seguem at\u00e9 o dia 7 de mar\u00e7o. Durante esse per\u00edodo, poder\u00e3o funcionar apenas atividades consideradas essenciais, atividades da constru\u00e7\u00e3o civil,&nbsp; e \u00e1rea da sa\u00fade. Com\u00e9rcio, bares e restaurantes somente funcionar\u00e3o por meio do sistema delivery.<\/p>\n\n\n\n<p>&#8220;A situa\u00e7\u00e3o \u00e9 muito grave. Temos um problema real, em rela\u00e7\u00e3o a mais profissionais. N\u00e3o estamos encontrando profissionais para criar mais leitos. Estamos com dificuldade tamb\u00e9m para o abastecimento, de rem\u00e9dios e insumos. Em raz\u00e3o disso, estamos pedindo a contribui\u00e7\u00e3o das pessoas. Vamos fazer um esfor\u00e7o muito grande para reduzir os adoencimetos e \u00f3bitos, para garantir a retomada com menos preju\u00edzos para a pr\u00f3pria economia&#8221;, destacou o governador Wellington Dias.<\/p>\n\n\n\n<p>Ainda de acordo com o governador, inicialmente as medidas seriam adotadas apenas em regi\u00f5es mais atingidas, mas o Estado mudou o posicionamento ap\u00f3s ouvir os t\u00e9cnicos do COE.<\/p>\n\n\n\n<p>&#8220;A medida prevalece para todo o Estado.&nbsp; Eu mesmo estava colocando a necessidade de ter uma posi\u00e7\u00e3o para as quatro regi\u00f5es mais afetadas, por\u00e9m, o comit\u00ea orientou e nos acatamos que todo o Piau\u00ed ter\u00e1 que seguir esse regramento&#8221;, disse<\/p>\n\n\n\n<p>O vice prefeito de Teresina, Robert Rios, confirmou que a Prefeitura da capital vai seguir as determina\u00e7\u00f5es do decreto estadual. Ele tamb\u00e9m alertou para as dificuldades no combate a pandemia da Covid-19.<\/p>\n\n\n\n<p>&#8220;O decreto abrange todo o Piau\u00ed e Teresina est\u00e1 dentro do Piau\u00ed. O interesse da cidade de Teresina n\u00e3o \u00e9 de restringir com\u00e9rcio, mas evitar que a epidemia cres\u00e7a. Precisamos pensar nas vidas humanas, mas tamb\u00e9m precisamos pensar nos comerciantes. Sabemos o quanto \u00e9 doloroso para o comerciante, por isso que pedi pra que nenhum decreto come\u00e7asse a valer hoje&#8221;, disse Robert Rios.&nbsp;<\/p>\n\n\n\n<p>Participaram da reuni\u00e3o, o governador Wellington Dias, o vice prefeito de Teresina, Robert Rios, o secret\u00e1rio Estadual de Sa\u00fade, Florentino Neto, o presidente da Funda\u00e7\u00e3o Municipal de Sa\u00fade, Gilberto Albuquerque. Al\u00e9m deles, membros do comit\u00ea de opera\u00e7\u00f5es emergenciais e representantes da vigil\u00e2ncia sanit\u00e1ria e tamb\u00e9m marcaram presen\u00e7a.<\/p>\n\n\n\n<figure class=\"wp-block-image\"><img decoding=\"async\" src=\"https:\/\/cidadeverde.com\/assets\/uploads\/noticias\/a707a15cad409049130920933c41f753.jpg\" alt=\"\"\/><figcaption><em>Foto: Roberta Aline<\/em><\/figcaption><\/figure>\n\n\n\n<figure class=\"wp-block-image\"><img decoding=\"async\" src=\"https:\/\/cidadeverde.com\/assets\/uploads\/noticias\/23f0eb9f03bb7099aa9c401d194f272f.jpg\" alt=\"\"\/><figcaption><em>Foto: Roberta Aline<\/em><\/figcaption><\/figure>\n\n\n\n<p><em><strong>Atualizada \u00e0s 10h<\/strong><\/em><\/p>\n\n\n\n<p>Com leitos de UTIs chegando ao esgotamento, os integrantes do COE (Comit\u00ea de Opera\u00e7\u00f5es Emergenciais) de Teresina e do estado recomendaram ao prefeito Dr. Pessoa (MDB) e o governador Wellington Dias (PT) que adotem medidas urgentes para conter a circula\u00e7\u00e3o de pessoas em Teresina e regi\u00f5es do estado. A proposta \u00e9 tentar frear a transmiss\u00e3o da Covid-19 e reduzir as interna\u00e7\u00f5es que chegam ao limite. Uma das medidas apontadas \u00e9 uma esp\u00e9cie de \u201ctoque de recolher\u201d, como ocorre em outros estados, para evitar um colapso no sistema de sa\u00fade.&nbsp;<\/p>\n\n\n\n<p>Com ocupa\u00e7\u00e3o de leitos de UTIs acima de 90%, os integrantes do COE avaliaram a situa\u00e7\u00e3o da pandemia como \u201ccr\u00edtica\u201d e fizerem uma s\u00e9rie de recomenda\u00e7\u00f5es a Prefeitura de Teresina e ao governo do estado. Cerca de 27 itens foram analisados.<\/p>\n\n\n\n<p>Hoje pela manh\u00e3, o presidente da Funda\u00e7\u00e3o Municipal de Sa\u00fade, Gilberto Albuquerque, vai se reunir novamente com Dr. Pessoa para definir itens do decreto municipal que dever\u00e1 ser anunciado ainda hoje. \u00c0s 11h30, estava prevista uma reuni\u00e3o entre Dr. Pessoa e Wellington Dias, no escrit\u00f3rio do governador. No entanto, o prefeito suspendeu ap\u00f3s ser informado que um parente contraiu Covid-19 e est\u00e1 vindo para Teresina em estado grave. O vice-prefeito Robert Rios ir\u00e1 representar o prefeito na reuni\u00e3o com o governador. <\/p>\n\n\n\n<p>O m\u00e9dico Walfrido Salmito, que participou da reuni\u00e3o do COE, destacou a necessidade de amplia\u00e7\u00e3o de leitos de UTIs e ado\u00e7\u00e3o de medidas restritivas mais duras.<\/p>\n\n\n\n<p>\u201c\u00c9 preciso reduzir o n\u00famero de infectados para baixar o n\u00edvel de interna\u00e7\u00f5es. Tem que ser uma medida aliada a outra, aumentar o n\u00famero de leitos e adotar medidas mais restritivas. Sabemos que \u00e9 desagrad\u00e1vel, mas a situa\u00e7\u00e3o \u00e9 cr\u00edtica, \u00e9 um rem\u00e9dio amargo, mas necess\u00e1rio neste momento\u201d, disse o m\u00e9dico.<\/p>\n\n\n\n<p>Uma das propostas recomendada pelo COE \u00e9 limitar a circula\u00e7\u00e3o de pessoas por um per\u00edodo de 14 dias para reduzir as interna\u00e7\u00f5es. Outro pedido \u00e9 limitar tamb\u00e9m o funcionamento do com\u00e9rcio, bares e restaurantes, al\u00e9m de cuidados do retorno as aulas.&nbsp;<\/p>\n\n\n\n<p>\u201cPedimos a popula\u00e7\u00e3o que contribua. N\u00e3o aglomere, pois a rede hospitalar est\u00e1 caminhando para o colapso\u201d, disse Walfrido Salmito.<\/p>\n\n\n\n<p>Gilberto Albuquerque admitiu que a Funda\u00e7\u00e3o Municipal de Sa\u00fade enfrenta dificuldades para abrir novas vagas de leitos de UTIs e que a prefeitura estuda adotar medidas restritivas, que poder\u00e3o ser anunciadas ainda hoje.&nbsp;<\/p>\n\n\n\n<p>O presidente da Funda\u00e7\u00e3o disse que a situa\u00e7\u00e3o \u00e9 muito delicada e a ocupa\u00e7\u00e3o hoje de UTI \u00e9 de 92% em Teresina. Gilberto disse tamb\u00e9m que no momento n\u00e3o \u00e9 poss\u00edvel ampliar os leitos, devido a falta de medicamentos necess\u00e1rios para esse setor.  <\/p>\n\n\n\n<p>As autoridades refor\u00e7am o pedido de respeito ao distanciamento social, ao uso de m\u00e1scaras e medidas de higienes como lavar as m\u00e3os e uso de \u00e1lcool em gel.&nbsp;<\/p>\n\n\n\n<p><strong>Fonte: Flash Yala Sena e Natanael Sousa\/ Cidade Verde<\/strong><\/p>\n","protected":false},"excerpt":{"rendered":"<p>O governador Wellington Dias (PT) anunciou agora h\u00e1 pouco que ficar\u00e3o suspensas at\u00e9 o dia 7 de mar\u00e7o todas as atividades presenciais, com exce\u00e7\u00e3o dos servi\u00e7os essenciais. A medida vem ap\u00f3s a ocupa\u00e7\u00e3o de leitos de UTI chegar a mais de 90% e o risco de colapso na rede de sa\u00fade. O governo n\u00e3o divulgou [&hellip;]<\/p>\n","protected":false},"author":1,"featured_media":19044,"comment_status":"open","ping_status":"open","sticky":false,"template":"","format":"standard","meta":{"beyondwords_generate_audio":"","beyondwords_project_id":"","beyondwords_podcast_id":"","beyondwords_hash":"","beyondwords_error_message":"","beyondwords_disabled":"","publish_post_to_speechkit":"","speechkit_generate_audio":"","speechkit_project_id":"","speechkit_podcast_id":"","speechkit_hash":"","speechkit_error_message":"","speechkit_disabled":"","speechkit_access_key":"","speechkit_error":"","speechkit_info":"","speechkit_response":"","speechkit_retries":"","_speechkit_link":"","_speechkit_text":""},"categories":[51],"tags":[3195,7568,458,4243,508,949,52,7569,5866],"jetpack_featured_media_url":"","_links":{"self":[{"href":"https:\/\/pinews.com.br\/index.php\/wp-json\/wp\/v2\/posts\/19043"}],"collection":[{"href":"https:\/\/pinews.com.br\/index.php\/wp-json\/wp\/v2\/posts"}],"about":[{"href":"https:\/\/pinews.com.br\/index.php\/wp-json\/wp\/v2\/types\/post"}],"author":[{"embeddable":true,"href":"https:\/\/pinews.com.br\/index.php\/wp-json\/wp\/v2\/users\/1"}],"replies":[{"embeddable":true,"href":"https:\/\/pinews.com.br\/index.php\/wp-json\/wp\/v2\/comments?post=19043"}],"version-history":[{"count":0,"href":"https:\/\/pinews.com.br\/index.php\/wp-json\/wp\/v2\/posts\/19043\/revisions"}],"wp:featuredmedia":[{"embeddable":true,"href":"https:\/\/pinews.com.br\/index.php\/wp-json\/"}],"wp:attachment":[{"href":"https:\/\/pinews.com.br\/index.php\/wp-json\/wp\/v2\/media?parent=19043"}],"wp:term":[{"taxonomy":"category","embeddable":true,"href":"https:\/\/pinews.com.br\/index.php\/wp-json\/wp\/v2\/categories?post=19043"},{"taxonomy":"post_tag","embeddable":true,"href":"https:\/\/pinews.com.br\/index.php\/wp-json\/wp\/v2\/tags?post=19043"}],"curies":[{"name":"wp","href":"https:\/\/api.w.org\/{rel}","templated":true}]}}