{"id":19065,"date":"2021-02-23T10:16:57","date_gmt":"2021-02-23T13:16:57","guid":{"rendered":"https:\/\/pinews.com.br\/?p=19065"},"modified":"2021-02-23T10:16:57","modified_gmt":"2021-02-23T13:16:57","slug":"menino-de-oito-anos-morre-apos-ser-atingido-por-raio-no-interior-do-piaui","status":"publish","type":"post","link":"https:\/\/pinews.com.br\/index.php\/2021\/02\/23\/menino-de-oito-anos-morre-apos-ser-atingido-por-raio-no-interior-do-piaui\/","title":{"rendered":"Menino de oito anos morre ap\u00f3s ser atingido por raio no interior do Piau\u00ed"},"content":{"rendered":"\n<p>Um menino de apenas oito anos, identificado como Wendell Ferreira de Ara\u00fajo, morreu ap\u00f3s ser atingido por um raio na tarde desta segunda-feira (22) no munic\u00edpio de Santo Ant\u00f4nio dos Milagres, distante cerca de 120 km de Teresina. O epis\u00f3dio aconteceu por volta das 17h, durante o in\u00edcio de uma chuva na regi\u00e3o.<\/p>\n\n\n\n<p>De acordo com testemunhas, ele estava brincando com outras crian\u00e7as em um campo de futebol quando foi atingido pelo raio, que caiu no in\u00edcio da chuva.<\/p>\n\n\n\n<p>O garoto chegou a ser levado para uma Unidade B\u00e1sica de Sa\u00fade do munic\u00edpio, mas n\u00e3o resistiu aos ferimentos e morreu. O Servi\u00e7o de Atendimento M\u00f3vel de Urg\u00eancia (SAMU) tamb\u00e9m foi acionado, mas j\u00e1 encontrou o menino sem vida.<\/p>\n\n\n\n<p>O caso assustou a popula\u00e7\u00e3o do munic\u00edpio de Santo Ant\u00f4nio dos Milagres, que possui pouco mais de 2 mil habitantes. Nas redes sociais, familiares e amigos prestaram homenagens ao garoto e manifestaram solidariedade aos pais.   <\/p>\n\n\n\n<p><strong>Fonte: Natanael Souza\/ Cidade Verde<\/strong><\/p>\n","protected":false},"excerpt":{"rendered":"<p>Um menino de apenas oito anos, identificado como Wendell Ferreira de Ara\u00fajo, morreu ap\u00f3s ser atingido por um raio na tarde desta segunda-feira (22) no munic\u00edpio de Santo Ant\u00f4nio dos Milagres, distante cerca de 120 km de Teresina. O epis\u00f3dio aconteceu por volta das 17h, durante o in\u00edcio de uma chuva na regi\u00e3o. De acordo [&hellip;]<\/p>\n","protected":false},"author":1,"featured_media":19066,"comment_status":"open","ping_status":"open","sticky":false,"template":"","format":"standard","meta":{"beyondwords_generate_audio":"","beyondwords_project_id":"","beyondwords_podcast_id":"","beyondwords_hash":"","beyondwords_error_message":"","beyondwords_disabled":"","publish_post_to_speechkit":"","speechkit_generate_audio":"","speechkit_project_id":"","speechkit_podcast_id":"","speechkit_hash":"","speechkit_error_message":"","speechkit_disabled":"","speechkit_access_key":"","speechkit_error":"","speechkit_info":"","speechkit_response":"","speechkit_retries":"","_speechkit_link":"","_speechkit_text":""},"categories":[51],"tags":[82,70,327,44,716,1267,119,5522,52,59,53,139],"jetpack_featured_media_url":"","_links":{"self":[{"href":"https:\/\/pinews.com.br\/index.php\/wp-json\/wp\/v2\/posts\/19065"}],"collection":[{"href":"https:\/\/pinews.com.br\/index.php\/wp-json\/wp\/v2\/posts"}],"about":[{"href":"https:\/\/pinews.com.br\/index.php\/wp-json\/wp\/v2\/types\/post"}],"author":[{"embeddable":true,"href":"https:\/\/pinews.com.br\/index.php\/wp-json\/wp\/v2\/users\/1"}],"replies":[{"embeddable":true,"href":"https:\/\/pinews.com.br\/index.php\/wp-json\/wp\/v2\/comments?post=19065"}],"version-history":[{"count":0,"href":"https:\/\/pinews.com.br\/index.php\/wp-json\/wp\/v2\/posts\/19065\/revisions"}],"wp:featuredmedia":[{"embeddable":true,"href":"https:\/\/pinews.com.br\/index.php\/wp-json\/"}],"wp:attachment":[{"href":"https:\/\/pinews.com.br\/index.php\/wp-json\/wp\/v2\/media?parent=19065"}],"wp:term":[{"taxonomy":"category","embeddable":true,"href":"https:\/\/pinews.com.br\/index.php\/wp-json\/wp\/v2\/categories?post=19065"},{"taxonomy":"post_tag","embeddable":true,"href":"https:\/\/pinews.com.br\/index.php\/wp-json\/wp\/v2\/tags?post=19065"}],"curies":[{"name":"wp","href":"https:\/\/api.w.org\/{rel}","templated":true}]}}